{"id":1200,"date":"2019-07-31T10:10:54","date_gmt":"2019-07-31T08:10:54","guid":{"rendered":"https:\/\/www.k3-verein.at\/?p=1200"},"modified":"2019-08-22T09:27:12","modified_gmt":"2019-08-22T07:27:12","slug":"11-strassengler-herbstklaenge","status":"publish","type":"post","link":"https:\/\/www.k3-verein.at\/?p=1200","title":{"rendered":"11. Stra\u00dfengler Herbstkl\u00e4nge"},"content":{"rendered":"<p><a href=\"https:\/\/www.k3-verein.at\/wp-content\/uploads\/HKPoster2019_webneu.jpg\"><img loading=\"lazy\" decoding=\"async\" class=\"alignleft size-full wp-image-1217\" src=\"https:\/\/www.k3-verein.at\/wp-content\/uploads\/HKPoster2019_webneu.jpg\" alt=\"HKPoster2019\" width=\"590\" height=\"829\" srcset=\"https:\/\/www.k3-verein.at\/wp-content\/uploads\/HKPoster2019_webneu.jpg 590w, https:\/\/www.k3-verein.at\/wp-content\/uploads\/HKPoster2019_webneu-214x300.jpg 214w\" sizes=\"auto, (max-width: 590px) 100vw, 590px\" \/><\/a><\/p>\n<p>&nbsp;<\/p>\n<p>&nbsp;<\/p>\n<p>&nbsp;<\/p>\n<p>&nbsp;<\/p>\n<p>&nbsp;<\/p>\n<p>&nbsp;<\/p>\n<p>&nbsp;<\/p>\n<p>Es hat zwar ein wenig gedauert, aber endlich steht das Programm der 11. Stra\u00dfengler Herbstkl\u00e4nge. Eigentlich sind es wie gewohnt drei spannende Konzerte, und doch gibt es etwas grundlegend Neues:<\/p>\n<p>Aus organisatorischen Gr\u00fcnden findet das 1. Konzert nicht in der Wallfahrtskirche Maria Stra\u00dfengel statt, sondern in der von Grund auf sanierten und neu gestalteten Mehrzweckhalle in Judendorf-Stra\u00dfengel (gleich neben dem Gemeindeamt)!<\/p>\n<p>Das 2. und 3. Konzert sind dann wie gewohnt im extrafeinen Ambiente der Wallfahrtskirche &#8230;<\/p>\n<p>Hier die Infos zu den 3 Konzerten:<\/p>\n<p><span style=\"text-decoration: underline;\">4. Oktober 2019, 19 Uhr, MZH Judendorf-Stra\u00dfengel<\/span><\/p>\n<p><strong>KLEZMER mit dem DUO MORITZ WEISS &amp; IVAN TRENEV mit Freunden<\/strong><\/p>\n<p><span style=\"text-decoration: underline;\">Besetzung:<\/span><br \/>\nMoritz Wei\u00df \/ Klarinette, Bassklarinette<br \/>\nIvan Trenev \/ Akkordeon<br \/>\nAndrew Gorman \/ Violine<br \/>\nMaximilian Kreuzer \/ Bass<\/p>\n<p><a href=\"https:\/\/www.k3-verein.at\/wp-content\/uploads\/Web_Moritz-Weiss_Ivan-Trenev@fritz.jpg\"><img loading=\"lazy\" decoding=\"async\" class=\"alignleft size-medium wp-image-1204\" src=\"https:\/\/www.k3-verein.at\/wp-content\/uploads\/Web_Moritz-Weiss_Ivan-Trenev@fritz-300x200.jpg\" alt=\"Web_Moritz Weiss_Ivan Trenev@fritz\" width=\"300\" height=\"200\" srcset=\"https:\/\/www.k3-verein.at\/wp-content\/uploads\/Web_Moritz-Weiss_Ivan-Trenev@fritz-300x200.jpg 300w, https:\/\/www.k3-verein.at\/wp-content\/uploads\/Web_Moritz-Weiss_Ivan-Trenev@fritz-624x416.jpg 624w, https:\/\/www.k3-verein.at\/wp-content\/uploads\/Web_Moritz-Weiss_Ivan-Trenev@fritz.jpg 637w\" sizes=\"auto, (max-width: 300px) 100vw, 300px\" \/><\/a> <a href=\"https:\/\/www.k3-verein.at\/wp-content\/uploads\/WEb_Maximilian-Kreuzer.jpg\"><img loading=\"lazy\" decoding=\"async\" class=\"alignleft size-medium wp-image-1203\" src=\"https:\/\/www.k3-verein.at\/wp-content\/uploads\/WEb_Maximilian-Kreuzer-200x300.jpg\" alt=\"WEb_Maximilian Kreuzer\" width=\"200\" height=\"300\" srcset=\"https:\/\/www.k3-verein.at\/wp-content\/uploads\/WEb_Maximilian-Kreuzer-200x300.jpg 200w, https:\/\/www.k3-verein.at\/wp-content\/uploads\/WEb_Maximilian-Kreuzer.jpg 283w\" sizes=\"auto, (max-width: 200px) 100vw, 200px\" \/><\/a> <a href=\"https:\/\/www.k3-verein.at\/wp-content\/uploads\/Web_Andrew_Gorman@fritz.jpg\"><img loading=\"lazy\" decoding=\"async\" class=\"alignleft size-medium wp-image-1202\" src=\"https:\/\/www.k3-verein.at\/wp-content\/uploads\/Web_Andrew_Gorman@fritz-300x300.jpg\" alt=\"Web_Andrew_Gorman@fritz\" width=\"300\" height=\"300\" srcset=\"https:\/\/www.k3-verein.at\/wp-content\/uploads\/Web_Andrew_Gorman@fritz-300x300.jpg 300w, https:\/\/www.k3-verein.at\/wp-content\/uploads\/Web_Andrew_Gorman@fritz-150x150.jpg 150w, https:\/\/www.k3-verein.at\/wp-content\/uploads\/Web_Andrew_Gorman@fritz.jpg 425w\" sizes=\"auto, (max-width: 300px) 100vw, 300px\" \/><\/a><\/p>\n<p>&nbsp;<\/p>\n<p>&nbsp;<\/p>\n<p>&nbsp;<\/p>\n<p>&nbsp;<\/p>\n<p>&nbsp;<\/p>\n<p>&nbsp;<\/p>\n<p>&nbsp;<\/p>\n<p><span style=\"text-decoration: underline;\">Mehr Infos:<\/span><br \/>\nF\u00fcr Klezmer ist es einfach einmal Zeit geworden. Wei\u00df &amp; Trenev ver\u00f6ffentlichten im April 2019 ihr Debutalbum &#8222;Kleztango &amp; beyond&#8220; bei Lotus Records. <strong>Moritz Wei\u00df<\/strong>, geb. 1996, aus F\u00fcrstenfeld (AT, Steiermark), wuchs in einem Umfeld gro\u00dfer musikalischer Vielfalt auf. Der Wechsel in das Musikgymnasium und Konservatorium in Graz bewirkte eine gro\u00dfe Steigerung seiner musikalischen Aktivit\u00e4ten. Inspiriert von den Klarinettisten Giora Feidman und David Orlowsky besch\u00e4ftigte er sich seit seinem 14. Lebensjahr intensiv mit Klezmermusik und dem spirituellen Hintergrund dieses Genres. Er war bereits zu Gast bei der Styriarte, dem Steirischen Kammermusikfestival, beim INt. Akkordeonfestival Wien etc.<strong> Ivan Trenev<\/strong> wurde 1993 in Shtip, Mazedonien geboren.\u00a0 2010 gewann er beim Staatswettbewerb in Skopje (Mazedonien) und 2011 am internationalen Wettbewerb in Pula (Kroatien) den ersten Preis. Seit 2011 ist er Student an der Universit\u00e4t f\u00fcr Darstellende Kunst in Graz und seit 2012 in der Klasse von Prof. Niko Kumuvaara. Seit Anbeginn seines Studiums widmet er sich der zeitgen\u00f6ssischen Musik. Er arbeitet mit KompositionsstudentInnen zusammen und spielt viele zeitgen\u00f6ssiche Musikkonzerte. Ivan freut sich dir einen Witz zu erz\u00e4hlen und dir Bach vorzuspielen. Als G\u00e4ste mit auf der B\u00fchne sind der Londoner Geiger <strong>Andrew Gorman<\/strong> und der Bassist <strong>Max Kreuzer<\/strong>, der bei unserem 10er-Jubil\u00e4um als Teil von Quetschklampfa beim Feiern beim KStra\u00dfengler Kirchenwirt mit aufspielte.<\/p>\n<p><span style=\"text-decoration: underline;\">11. Oktober 2019, 19 Uhr, Wallfahrtskirche Maria Stra\u00dfengel<br \/>\n<\/span><\/p>\n<p><strong>CISSY &amp; HUGO A CARACAS<br \/>\n<\/strong><\/p>\n<p class=\"western\">von und mit Rita Hatzmann\u00a0(Text, Schauspiel)<br \/>\nund Georg O. Luksch\u00a0(Komposition, Musik)<\/p>\n<p class=\"western\"><a href=\"https:\/\/www.k3-verein.at\/wp-content\/uploads\/web_rita01.jpg\"><img loading=\"lazy\" decoding=\"async\" class=\"alignleft size-medium wp-image-1205\" src=\"https:\/\/www.k3-verein.at\/wp-content\/uploads\/web_rita01-300x184.jpg\" alt=\"web_rita01\" width=\"300\" height=\"184\" srcset=\"https:\/\/www.k3-verein.at\/wp-content\/uploads\/web_rita01-300x184.jpg 300w, https:\/\/www.k3-verein.at\/wp-content\/uploads\/web_rita01-624x382.jpg 624w, https:\/\/www.k3-verein.at\/wp-content\/uploads\/web_rita01.jpg 724w\" sizes=\"auto, (max-width: 300px) 100vw, 300px\" \/><\/a><\/p>\n<p class=\"western\">\u201eIch h\u00e4tt&#8216; sogar schon Morphium genommen, aber der Nowak l\u00e4sst mich nicht verkommen.\u201c \u201eIch w\u00fcnsch&#8216; mir zum Geburtstag einen Vorderzahn, denn meinen schlug der Ferdinand mir ein.\u201c Cissy Kraner ist das weibliche Pendant zu Bronner, Qualtinger &amp; Co., ihre legend\u00e4ren Lieder schrieb Hugo Wiener. Jahrzehntelang traten sie im Simpl auf, waren auf internationalen Tourneen, im Fernsehen und in der Josefstadt zu sehen. Das Musiktheaterst\u00fcck \u201eCissy &amp; Hugo a Caracas&#8220; begeistert mit pointierten musikalischen Nummern und\u00a0l\u00e4sst\u00a0das Publikum in die Erlebnisse einer jungen S\u00e4ngerin eintauchen. Rita Hatzmann und Georg O. Luksch bringen die aufregendsten Momente des k\u00fcnstlerischen Schaffens von Cissy Kraner zum Erbl\u00fchen: Sie gastiert mit Hugo Wiener 1938 in Bogot\u00e1. Kraner und Wiener gehen nach dem Gastspiel gemeinsam auf Tournee durch ganz Kolumbien. Das Paar er\u00f6ffnet in der Hauptstadt von Venezuela, Caracas, eine Bar, in der Cissy mit spanischen, englischen und franz\u00f6sischen Chansons Erfolge feiert, Hugo schreibt die Nummern und begleitet sie am Klavier. <strong>Rita Hatzmann-Luksch<\/strong> ist in Wien geboren, aufgewachsen in O\u00d6, Schauspielstudium an der Bruckner Uni Linz, Studium Theater- Film- und Medienwissenschaft an der Uni Wien; in\u00a0Kino- und Fernsehfilmen zu sehen wie \u201eSisi\u201d R: Xaver Schwarzenberger, \u201eSchlawiner\u201d R: Paul Harather, \u201eCopstories\u201d,\u00a0\u201eTatort\u201c\u00a0R: Michi Riebl;\u00a0Engagements u.a. am Theater Dortmund, Stadttheater Klagenfurt, Stadttheater Berndorf,\u00a0Burgtheater Wien in \u201eHelena\u201c R: Luc Bondy, <strong>Georg O. Luksch<\/strong>\u00a0ist in Wien geboren, 13 Jahre klassischer Klavierunterricht, absolvierte 1987 als einer der ersten Teilnehmer in \u00d6sterreich die SAE (School Of Audio Engineering), arbeitete in den folgenden Jahren mit K\u00fcnstlern wie Falco, Nina Hagen, Beat4Feet oder den Bingo Boys, ab 1994 Studiomusiker und Engineer f\u00fcr u.a. &#8222;Universum&#8220;, ORF-Filmproduktionen, Werbung und Kinofilme, klassische Musik.GRAMMY-Award im Jahr 2000 sowie zwei weitere Nominierungen 2001 und 2003, Entwicklung des Expanded Acoustic Recording Prozess (E.A.R), LATIN GRAMMY Nominierung &#8222;Best Latin Jazz Album&#8220; 2014\/15 f\u00fcr co-producing, recording, mix und mastering von Snow Owl&#8217;s Album &#8222;Normas&#8220;<u> <\/u><\/p>\n<p class=\"western\"><span style=\"text-decoration: underline;\">18. Oktober, 19 Uhr, Wallfahrtskirche Maria Stra\u00dfengel<\/span><\/p>\n<p class=\"western\"><strong>RITA MOVSESIAN, KAREN ASATRIAN feat. acoustic Armenian Spirit<\/strong><\/p>\n<p><span style=\"text-decoration: underline;\">Besetzung:<\/span><br \/>\nRita Movsesian \/ Gesang<br \/>\nKaren Asatrian \/ keyboards<br \/>\nEmmanuel Hovannesian \/ Duduk und armenische Fl\u00f6ten<br \/>\nAnna Hakopian \/ Geige<br \/>\nJuan Carlos Sungurlian \/ Oud,Bouzouki &amp; Guitars<\/p>\n<p><a href=\"https:\/\/www.k3-verein.at\/wp-content\/uploads\/web_jazzit_1549835.jpg\"><img loading=\"lazy\" decoding=\"async\" class=\"alignleft size-medium wp-image-1206\" src=\"https:\/\/www.k3-verein.at\/wp-content\/uploads\/web_jazzit_1549835-300x200.jpg\" alt=\"web_jazzit_1549835\" width=\"300\" height=\"200\" srcset=\"https:\/\/www.k3-verein.at\/wp-content\/uploads\/web_jazzit_1549835-300x200.jpg 300w, https:\/\/www.k3-verein.at\/wp-content\/uploads\/web_jazzit_1549835.jpg 443w\" sizes=\"auto, (max-width: 300px) 100vw, 300px\" \/><\/a> <a href=\"https:\/\/www.k3-verein.at\/wp-content\/uploads\/web_rita_movsesian-by-Stefan-Zenzmair.jpg\"><img loading=\"lazy\" decoding=\"async\" class=\"alignleft size-medium wp-image-1207\" src=\"https:\/\/www.k3-verein.at\/wp-content\/uploads\/web_rita_movsesian-by-Stefan-Zenzmair.jpg\" alt=\"web_rita_movsesian by Stefan Zenzmair\" width=\"196\" height=\"295\" \/><\/a><\/p>\n<p>&nbsp;<\/p>\n<p>&nbsp;<\/p>\n<p>&nbsp;<\/p>\n<p>&nbsp;<\/p>\n<p>&nbsp;<\/p>\n<p>&nbsp;<\/p>\n<p><strong>Rita Movsesian<\/strong>hat sich bereits in Baghdad (Irak), wo sie geboren und aufgewachsen ist, der Musik verschrieben. Der Schwerpunkt lag damals schon auf der armenischen und arabischen Musiktradition. Auch nach ihrem Umzug nach \u00d6ster\u00adreich blieb Musik f\u00fcr die Diaspora-Armenierin der Mittelpunkt ihres Lebens. Sie bildete ihre Stimme bei diversen namhaften Gesangsp\u00e4dagogInnen und am Salzburger Mozarteum in den Bereichen klassisch-westliche Musik und Jazz weiter. Es folgten zahlreiche Auftritte im In- und Ausland, unter anderem bei\u00a0 \u00bbThe Voice of Germany\u00ab, wo sie in drei aufeinander folgenden Auftritten ihr \u00fcberragendes Talent und ihre Professionalit\u00e4t im Fach unter Beweis stellen konnte. <strong>Karen Asatrian<\/strong>, 1972 in Yerevan\/Armenien geboren, studierte Geige, Klavier und Komposition am Staatlichen Konservatorium Komitas in Yerevan. 1999 Abschluss des Diplomstudiums Jazz-Piano bei Prof. Dr. Harry Neuwirth in Klagenfurt mit Auszeichnung. Ebenso mit ausgezeichnetem Erfolg schlie\u00dft Karen Asatrian 2001 die Studienrichtung Instrumental (Gesangs-)P\u00e4dagogik ab und erh\u00e4lt damit das staatliche Lehrbef\u00e4higungs-Zeugnis fu\u0308r Jazz-Piano. Zusammenarbeit mit dem \u201eBruckner Symphonie-orchester\u201c, Samulnori, Dee Dee Bridgewater, George Garzone, Jamaaladeen Tacuma u.v.m. Auftritte bei \u201eThree Nights of Jazz\u201c Saalfelden, Jazz Fest Wiesn in Wien, Sziget Festival in Budapest usw. \u201c<strong>Armenian Spirit<\/strong>\u201d sch\u00f6pft aus dem Fundus der oft als schwerm\u00fctig bezeichneten armenischen Folklore. In Kombination mit modernen Stilmitteln des Jazz und Elementen der klassischen Musik entstehen Kreationen, die man als AVANTGARDE-FOLK-JAZZ\u00a0bezeichnen k\u00f6nnte.<\/p>\n","protected":false},"excerpt":{"rendered":"<p>&nbsp; &nbsp; &nbsp; &nbsp; &nbsp; &nbsp; &nbsp; Es hat zwar ein wenig gedauert, aber endlich steht das Programm der 11. Stra\u00dfengler Herbstkl\u00e4nge. Eigentlich sind es wie gewohnt drei spannende Konzerte, und doch gibt es etwas grundlegend Neues: Aus organisatorischen Gr\u00fcnden findet das 1. Konzert nicht in der Wallfahrtskirche Maria Stra\u00dfengel statt, sondern in der von [&hellip;]<\/p>\n","protected":false},"author":1,"featured_media":0,"comment_status":"closed","ping_status":"closed","sticky":false,"template":"","format":"standard","meta":{"ngg_post_thumbnail":0,"footnotes":""},"categories":[1],"tags":[],"class_list":["post-1200","post","type-post","status-publish","format-standard","hentry","category-allgemein"],"_links":{"self":[{"href":"https:\/\/www.k3-verein.at\/index.php?rest_route=\/wp\/v2\/posts\/1200","targetHints":{"allow":["GET"]}}],"collection":[{"href":"https:\/\/www.k3-verein.at\/index.php?rest_route=\/wp\/v2\/posts"}],"about":[{"href":"https:\/\/www.k3-verein.at\/index.php?rest_route=\/wp\/v2\/types\/post"}],"author":[{"embeddable":true,"href":"https:\/\/www.k3-verein.at\/index.php?rest_route=\/wp\/v2\/users\/1"}],"replies":[{"embeddable":true,"href":"https:\/\/www.k3-verein.at\/index.php?rest_route=%2Fwp%2Fv2%2Fcomments&post=1200"}],"version-history":[{"count":4,"href":"https:\/\/www.k3-verein.at\/index.php?rest_route=\/wp\/v2\/posts\/1200\/revisions"}],"predecessor-version":[{"id":1219,"href":"https:\/\/www.k3-verein.at\/index.php?rest_route=\/wp\/v2\/posts\/1200\/revisions\/1219"}],"wp:attachment":[{"href":"https:\/\/www.k3-verein.at\/index.php?rest_route=%2Fwp%2Fv2%2Fmedia&parent=1200"}],"wp:term":[{"taxonomy":"category","embeddable":true,"href":"https:\/\/www.k3-verein.at\/index.php?rest_route=%2Fwp%2Fv2%2Fcategories&post=1200"},{"taxonomy":"post_tag","embeddable":true,"href":"https:\/\/www.k3-verein.at\/index.php?rest_route=%2Fwp%2Fv2%2Ftags&post=1200"}],"curies":[{"name":"wp","href":"https:\/\/api.w.org\/{rel}","templated":true}]}}