{"id":1226,"date":"2020-06-29T10:51:51","date_gmt":"2020-06-29T08:51:51","guid":{"rendered":"https:\/\/www.k3-verein.at\/?p=1226"},"modified":"2020-08-03T07:42:22","modified_gmt":"2020-08-03T05:42:22","slug":"k3-sommerkonzert-mit-quetschklampfa","status":"publish","type":"post","link":"https:\/\/www.k3-verein.at\/?p=1226","title":{"rendered":"K3-Sommerkonzert &#8211; Wetter-Update"},"content":{"rendered":"<p><a href=\"https:\/\/www.k3-verein.at\/wp-content\/uploads\/Quetsch2020_FB.jpg\"><img loading=\"lazy\" decoding=\"async\" class=\"alignleft size-full wp-image-1227\" src=\"https:\/\/www.k3-verein.at\/wp-content\/uploads\/Quetsch2020_FB.jpg\" alt=\"Quetsch2020_FB\" width=\"1093\" height=\"416\" srcset=\"https:\/\/www.k3-verein.at\/wp-content\/uploads\/Quetsch2020_FB.jpg 1093w, https:\/\/www.k3-verein.at\/wp-content\/uploads\/Quetsch2020_FB-300x114.jpg 300w, https:\/\/www.k3-verein.at\/wp-content\/uploads\/Quetsch2020_FB-1024x390.jpg 1024w, https:\/\/www.k3-verein.at\/wp-content\/uploads\/Quetsch2020_FB-624x237.jpg 624w\" sizes=\"auto, (max-width: 1093px) 100vw, 1093px\" \/><\/a><\/p>\n<p>&nbsp;<\/p>\n<p>Stand: Montag, 3. August 2020<\/p>\n<p><strong>1) Wetter<\/strong><\/p>\n<p>Die Chance, am Mittwoch tats\u00e4chlich im Park zu spielen, schwindet leider. Erstens ist unklar, ob und wieviel es am Mittwoch selbst auch noch regnet. Zweitens k\u00f6nnte selbst ohne Regen der Mittwoch Abend etwas k\u00fchl werden. Drittens wird&#8217;s mit der Bestuhlungim Park heikel &#8211; ist der Boden zu weich, sinken die St\u00fchle zu sehr ein. Unbequem zu sitzen und schlecht f\u00fcr die Wiese. Aber noch geben wir die Hoffnung nicht auf.<\/p>\n<p><strong>2) Karten<\/strong><\/p>\n<p>Via E-Mail-Bestellung \u00fcber unsere Mail-Adresse info@k3-verein.at gibt es Karten nur noch heute. Sie m\u00fcssen f\u00fcr ihre G\u00fcltigkeit ja auch per \u00dcberweisung bezahlt und der Zahlungseingang von uns kontrolliert werden.<\/p>\n<p>Karten im Direktverkauf im Gasthof Lammer, im Stra\u00dfengler Genusseck und in der Ordination Dr. Braunendal-Dr. Zeder gibt es noch heute und morgen.<\/p>\n<p>Bitte um Verst\u00e4ndnis dass es keine Abendkassa gibt &#8211; dient der Corona-bedingten Sicherheit und Sitzplatzvergabe.<\/p>\n<p>_____________________________________________________________________________________________________<\/p>\n<p>&nbsp;<\/p>\n<p>Nach der Corona-bedingten Absage des schon traditionsreichen Literaturfestivals hat sich das Team des Gratwein-Stra\u00dfengler Kulturvereins um Obmann Andreas Braunendal entschlossen, nun am 5. August, 19.30 Uhr ein Sommerkonzert mit Quetschklampfa zu veranstalten. Weil: Es kann ja nicht sein, dass den ganzen Sommer gar nichts los ist!<\/p>\n<p><strong>QUETSCHKLAMPFA <\/strong><\/p>\n<p>Das fr\u00f6hlich-kreative Quartett mit Elias Pl\u00f6sch (Klampfn), Simon Ankowitsch (Quetschn), Jonathan Herrgesell (sax) und Max Kreuzer (Bass) entwickelte auf Grundlage der neuen Volksmusik ihren Fuixjazz. Was das ist? Musik, die in der Tradition der Volksmusik verwurzelt ist \u2013 weniger in der Art eines fest verankerten Baumes sondern in jener eines weitl\u00e4ufigen Pilzmyzels. Ged\u00fcngt wird dann mit unb\u00e4ndiger Spiellust, die sich von Jazz und allerhand anderen Einfl\u00fcssen, denen man sich heutzutage als junger Musiker sehr gerne aussetzt. Erleben konnte man Quetschklampfa bei K3 zuletzt im Jahr 2018: Damals gestalteten sie den musikalischen Ausklang des 10-j\u00e4hrigen herbstkl\u00e4nge-Jubil\u00e4ums beim Stra\u00dfengler Kirchenwirt.<\/p>\n<p><strong>Ort &amp; Wetter<\/strong><\/p>\n<p>Wenn das Wetter mitspielt, findet das Konzert im Stra\u00dfengler Park beim Teich statt. Wenn nicht, dann ein paar Meter weiter in der Judendorf-Stra\u00dfengler Mehrzweckhalle. Aus organisatorischen Gr\u00fcnden f\u00e4llt die endg\u00fcltige Entscheidung zwischen Park und Halle am Vorabend \u2013 es gilt also nicht das tats\u00e4chliche Wetter, sondern der Wetterbericht!<\/p>\n<p><strong>Sicherheitsregeln<\/strong><\/p>\n<p>Da wie dort gelten zur Sicherheit der G\u00e4ste fixe Regeln: Um die auf 200 Personen beschr\u00e4nkten Besucherzahlen kontrollieren zu k\u00f6nnen, werden Sitzpl\u00e4tze nur im Voraus um 10 Euro verkauft, Abendkassa gibt es keine. Im Freien gilt dann freie Platzwahl, sollte das Konzert wegen Schlechtwetters in der Halle stattfinden, werden die Sitzpl\u00e4tze fix zugewiesen. Daher ist beim Kartenkauf auch die Angabe von Namen erforderlich.<\/p>\n<p><strong>Karten &amp; Corona-Hilfe<\/strong><\/p>\n<p>Eigentlich finden K3-Veranstaltungen bei freiem Eintritt statt. Da sich so aber keine G\u00e4stezahl kontrollieren l\u00e4sst, gibt es diesmal Eintrittskarten mit Mehrwert: Denn jede Karte gilt 1:1 als Gutschein f\u00fcr das Konzert-Catering (Gasthof Lammer). Auf diese Weise verbindet das K3-Team das Konzertangebot mit der direkten Unterst\u00fctzung eines lokalen Gastro-Betriebs.<\/p>\n<p><strong>Wo gibt es Karten?<\/strong><\/p>\n<p>1. Papier-Karten im Gesundheitszentrum Dr. Brauendal-Dr. Zeder, beim Gasthof Lammer und im Stra\u00dfengler Genusseck<\/p>\n<p>2. Kauf per \u00dcberweisung<\/p>\n<p>Sie k\u00f6nnen Karten auch direkt bei K3 erwerben und via netbanking bezahlen. Bitte erst E-Mail-Bestellung an info@k3-verein.at mit Bekanntgabe der Anzahl und eines Namens f\u00fcr die Reservierung.<br \/>\nSie erhalten dann, solange noch Karten verf\u00fcgbar sind, eine Best\u00e4tigung mit unserer Bankverbindung bzw. die Karten per Email.<\/p>\n<p>Die Bankverbindung: K3-Verein, RAIBA Gratwein, AT35 3811 2000 0107 7312<\/p>\n<p>&nbsp;<\/p>\n<p>&nbsp;<\/p>\n<p>&nbsp;<\/p>\n<p>&nbsp;<\/p>\n","protected":false},"excerpt":{"rendered":"<p>&nbsp; Stand: Montag, 3. August 2020 1) Wetter Die Chance, am Mittwoch tats\u00e4chlich im Park zu spielen, schwindet leider. Erstens ist unklar, ob und wieviel es am Mittwoch selbst auch noch regnet. Zweitens k\u00f6nnte selbst ohne Regen der Mittwoch Abend etwas k\u00fchl werden. Drittens wird&#8217;s mit der Bestuhlungim Park heikel &#8211; ist der Boden zu [&hellip;]<\/p>\n","protected":false},"author":1,"featured_media":0,"comment_status":"closed","ping_status":"closed","sticky":false,"template":"","format":"standard","meta":{"ngg_post_thumbnail":0,"footnotes":""},"categories":[1],"tags":[],"class_list":["post-1226","post","type-post","status-publish","format-standard","hentry","category-allgemein"],"_links":{"self":[{"href":"https:\/\/www.k3-verein.at\/index.php?rest_route=\/wp\/v2\/posts\/1226","targetHints":{"allow":["GET"]}}],"collection":[{"href":"https:\/\/www.k3-verein.at\/index.php?rest_route=\/wp\/v2\/posts"}],"about":[{"href":"https:\/\/www.k3-verein.at\/index.php?rest_route=\/wp\/v2\/types\/post"}],"author":[{"embeddable":true,"href":"https:\/\/www.k3-verein.at\/index.php?rest_route=\/wp\/v2\/users\/1"}],"replies":[{"embeddable":true,"href":"https:\/\/www.k3-verein.at\/index.php?rest_route=%2Fwp%2Fv2%2Fcomments&post=1226"}],"version-history":[{"count":7,"href":"https:\/\/www.k3-verein.at\/index.php?rest_route=\/wp\/v2\/posts\/1226\/revisions"}],"predecessor-version":[{"id":1235,"href":"https:\/\/www.k3-verein.at\/index.php?rest_route=\/wp\/v2\/posts\/1226\/revisions\/1235"}],"wp:attachment":[{"href":"https:\/\/www.k3-verein.at\/index.php?rest_route=%2Fwp%2Fv2%2Fmedia&parent=1226"}],"wp:term":[{"taxonomy":"category","embeddable":true,"href":"https:\/\/www.k3-verein.at\/index.php?rest_route=%2Fwp%2Fv2%2Fcategories&post=1226"},{"taxonomy":"post_tag","embeddable":true,"href":"https:\/\/www.k3-verein.at\/index.php?rest_route=%2Fwp%2Fv2%2Ftags&post=1226"}],"curies":[{"name":"wp","href":"https:\/\/api.w.org\/{rel}","templated":true}]}}