{"id":1260,"date":"2020-08-30T09:18:31","date_gmt":"2020-08-30T07:18:31","guid":{"rendered":"https:\/\/www.k3-verein.at\/?p=1260"},"modified":"2020-10-06T09:10:43","modified_gmt":"2020-10-06T07:10:43","slug":"12-strassengler-herbstklaenge","status":"publish","type":"post","link":"https:\/\/www.k3-verein.at\/?p=1260","title":{"rendered":"AFRIKA! 9.10.2020, 19 Uhr"},"content":{"rendered":"<p><a href=\"https:\/\/www.k3-verein.at\/wp-content\/uploads\/HK_20_Screen2.jpg\"><img loading=\"lazy\" decoding=\"async\" class=\"alignleft size-full wp-image-1271\" src=\"https:\/\/www.k3-verein.at\/wp-content\/uploads\/HK_20_Screen2.jpg\" alt=\"HK_20_Screen\" width=\"8000\" height=\"3483\" srcset=\"https:\/\/www.k3-verein.at\/wp-content\/uploads\/HK_20_Screen2.jpg 8000w, https:\/\/www.k3-verein.at\/wp-content\/uploads\/HK_20_Screen2-300x131.jpg 300w, https:\/\/www.k3-verein.at\/wp-content\/uploads\/HK_20_Screen2-1024x446.jpg 1024w, https:\/\/www.k3-verein.at\/wp-content\/uploads\/HK_20_Screen2-624x272.jpg 624w\" sizes=\"auto, (max-width: 8000px) 100vw, 8000px\" \/><\/a><\/p>\n<p><span style=\"color: #800080;\"><strong><span style=\"font-size: 18pt;\">Kartenkauf &#8211; ganz einfach!<\/span><\/strong><\/span><\/p>\n<p>Die Karten zu den 3 Konzerten kann man ganz einfach erstehen!<\/p>\n<p><strong>Variante 1:<\/strong> Karten in Papierform im Stra\u00dfengler Genusseck (\u00d6ffnungszeiten weiter unten zu finden!)<\/p>\n<p><strong>Variante 2\/Online:<\/strong><\/p>\n<p>Schritt 1: Email mit Namen der G\u00e4ste und Wunschtermin(en) an info@k3-verein.at<\/p>\n<p>Schritt 2: Wir antworten mit den gew\u00fcnschten Karten als PDF zum Ausdrucken und unserer Bankverbindung mit der Bitte um \u00dcberweisung.<\/p>\n<p>Schritt 3: Sind die Karten bezahlt, sind sie auch g\u00fcltig.<\/p>\n<p><strong>Falls wir absagen m\u00fcssen &#8230;<\/strong><\/p>\n<p>Sollten wir Konzerte doch noch absagen m\u00fcssen, gibt es nat\u00fcrlich das Geld zur\u00fcck. Im Genusseeck erworbene Karten bitte dorthin zur\u00fcckbringen und gegen Geld zur\u00fccktauschen, bei online erworbenen und via \u00dcberweisung bezahlten Karten wird der Betrag zur\u00fcck\u00fcberwiesen.<\/p>\n<p><strong><span style=\"font-size: 18pt;\">2020, die Herbstkl\u00e4nge im Corona-Jahr &#8230;<\/span><\/strong><\/p>\n<p>&#8230; sind nat\u00fcrlich ein wenig anders. Daher reden wir zuerst \u00fcber Organisatorisches:<\/p>\n<p><strong>1. Wir \u00fcbersiedeln von unserer geliebten Wallfahrtskirche in die Stra\u00dfengler Halle.<\/strong><\/p>\n<p>Das hat 3 Gr\u00fcnde:<\/p>\n<p>Das feucht-k\u00fchle Kirchenklima ist sehr virenfreundlich, also gesundheitsfeindlich und das wolen wir nicht. Mit sinnvollen Abstandsregeln bekommen wir vieleicht gerade 50 BesucherInnen in die Kirche, das w\u00e4re sehr wenig. Wer nicht mitgez\u00e4hlt hat: Der dritte Punkt w\u00e4re, dass es noch immer keinen neuen Kirchenwirt gibt und wir uns da oben am Berg einsam f\u00fchlen (und nach den Konzerten kein Bier bekommen).<\/p>\n<p><strong>2. Das Ende des freien Eintritts<\/strong><\/p>\n<p>Etwas zu veranstalten bedeutet verantwortung f\u00fcrs Publikum zu \u00fcbernehmen. das bedeutet: Fixe Zuordnung von Sitzpl\u00e4tzen zu Namen und Karten, vorsichtshalber f\u00fchren von Listen dieser Zuordnungen. Falls etwas passiert, kann man dann auch informieren, denn wir wissen, wer wo und neben wem gesessen ist. Diese Listen landen dann bald einmal im M\u00fcll, Datenschutzbesorgte brauchen sich da nicht zu f\u00fcrchten. Das geht nat\u00fcrlich nur mit Kartenverkauf, anders ist das nicht kontrollierbar.\u00a0 Mit 12.- pro Konzert sind wir nur knapp \u00fcber den durchschnittlichen Einnahmen via freiwilliger Spenden &#8211; haben mit dem ganzen Aufwand aber auch etwas h\u00f6here Kosten.<\/p>\n<p><strong>2a. Kartenverkauf<\/strong><\/p>\n<p>Wir habens schon mit Quteschklampfa bei unserem Sommerkonzert ausprobiert und es funktioniert sehr gut:<\/p>\n<p><span style=\"text-decoration: underline;\">Karten in Papierform<\/span> verkauft das Stra\u00dfengler Genusseck (Gewerbezentrum Lammer, gegen\u00fcber der Apotheke, \u00d6ffnunsgzeiten: Mo-Fr 8-12, 15-18 Uhr, Sa 8-12 Uhr). Dort werden zu den nummerierten Karten auch gleich die Namen erfasst &#8211; wer 2 oder 3 Karten kauft, bekommt auch 2 oder 3 St\u00fchle, die zusammenstehen und Abstand zu den anderen haben.<\/p>\n<p><span style=\"text-decoration: underline;\">Online-Karten<\/span> bitte einfach unter Angabe des Namens und er Kartenanzahl unter info@k3-verein.at bestellen. Wir senden die nummerierten und personalisierten Karten dann per Mail zum Ausdrucken zu, g\u00fcltig sind die Karten, wenn wir den dazugeh\u00f6rigen Kontoeingang am Vereinskonto haben.<\/p>\n<p>BesucherInnenlimit pro Konzert: ca. 150 Personen<\/p>\n<p><strong>3. Jetzt aber endlich die Kultur<\/strong><\/p>\n<p><span style=\"text-decoration: underline;\">Konzert 1 steht unter dem Generaltitel AFRIKA!<\/span><\/p>\n<p>Irgendwann im Fr\u00fchjahr ist Gabriel Froihofer (Spafulder, Neue Hofkapelle Graz) an uns herangetreten, ob uns Seyduo Traor\u00e9 und das Ensemble Humant\u00e9 interessieren k\u00f6nnte. AFRIKA reizt uns immer, mit Gabrile und Franz Schmuck sind alte Herbstkl\u00e4nge-Hasen mit an Bord und Bassist Reinhard Ziegerhofer ist ebenfalls ein alter Hase der Grazer Wir-kennen-keine-musikalischen-Grenzen-Szene.<\/p>\n<p><span style=\"text-decoration: underline;\">Konzert 2 steht unter dem Generaltitel BAROCK!<\/span><\/p>\n<p>Schuld ist eigentlich die Styriarte, denn da erlebte ich 2019 ein paar Blockfl\u00f6te-Soli des Herrn Universit\u00e4tsprofessors Michael Hell in der List-Halle. Daher eine besonders herzliche Einladung an alle Eltern, deren Kinder gerade Blockfl\u00f6te lernen: Es besteht die Chance, dass daraus etwas wirklich Gro\u00dfes wird.<br \/>\nDass Michael Hell partout von einer Lautinistin aus Belgien begleitet werden will bereitete uns einige Sorgen, aber Sophie Vanden Eynde wird&#8217;s schon schaffen bis zu uns, notfalls mit der Bahn.<br \/>\n<span style=\"color: #008000;\">Das Thema des Abends: &#8222;Warum s\u00fc\u00dfe Nachtigall?&#8220; &#8211; Franz\u00f6sische Barockmusik f\u00fcr Blockfl\u00f6te und Lauteninstrumente<\/span><\/p>\n<p><span style=\"text-decoration: underline;\">Konzert 3 steht unter dem Generaltitel SESSION!<\/span><\/p>\n<p>ich habe keine Ahnung, warum wir 12 Jahre gebraucht haben um Opus-Mastermind ewald Pfleger zu fragen, ob er nicht einmal bei den Herbstkl\u00e4ngen auftreten m\u00f6chte. Als Ortsans\u00e4ssiger und quasi Kirchennachbar eigentlich eine aufgelegte Geschichte. Nun ist es endlich soweit und er kommt mit Sohn Paul und Kurt Gober. Also 2 Gitarren und irgendwas UFO-\u00e4hnliches.<br \/>\nDass dieser Auftritt jetzt gut in die des angek\u00fcndigten Ende von OPUS passt ist sch\u00f6n, aber purer Zufall.<\/p>\n<p>Wir freuen uns auf Euch &#8211; kommt in (kleinen) Scharen, kauft Karten und genie\u00dft mit uns die 12. Stra\u00dfengler Herbstkl\u00e4nge!<\/p>\n<p>&nbsp;<\/p>\n<p>Andreas Braunendal &amp; Team<\/p>\n<p>&nbsp;<\/p>\n<p><span style=\"color: #ff0000;\"><strong>COVID-Richtlinien beim Konzert:<\/strong><\/span><\/p>\n<ul>\n<li>Bitte bringen Sie Ihren Mund-Nasen-Schutz mit und behalten Sie ihn in Verwendung, bis wir Sie zu Ihrem f\u00fcr Sie reservierten Sitzplatz gef\u00fchrt haben.<\/li>\n<li>F\u00fcr bis zu 4 Personen gemeinsam gebuchte Karten erhalten Pl\u00e4tze direkt nebeneinander,<br \/>\nzu anderen besteht ein Abstand von mind. 1 Meter.<\/li>\n<li>Bitte achten Sie insbesondere im Ein\/Ausgangsbereich darauf, ausreichend Abstand zu anderen Personen zu halten und ben\u00fctzen Sie die vorhandenen Desinfektionsspender!<\/li>\n<\/ul>\n<p>&nbsp;<\/p>\n<p>&nbsp;<\/p>\n<p>&nbsp;<\/p>\n<p>&nbsp;<\/p>\n<p>&nbsp;<\/p>\n<p>&nbsp;<\/p>\n","protected":false},"excerpt":{"rendered":"<p>Kartenkauf &#8211; ganz einfach! Die Karten zu den 3 Konzerten kann man ganz einfach erstehen! Variante 1: Karten in Papierform im Stra\u00dfengler Genusseck (\u00d6ffnungszeiten weiter unten zu finden!) Variante 2\/Online: Schritt 1: Email mit Namen der G\u00e4ste und Wunschtermin(en) an info@k3-verein.at Schritt 2: Wir antworten mit den gew\u00fcnschten Karten als PDF zum Ausdrucken und unserer [&hellip;]<\/p>\n","protected":false},"author":1,"featured_media":0,"comment_status":"closed","ping_status":"closed","sticky":false,"template":"","format":"standard","meta":{"ngg_post_thumbnail":0,"footnotes":""},"categories":[1],"tags":[],"class_list":["post-1260","post","type-post","status-publish","format-standard","hentry","category-allgemein"],"_links":{"self":[{"href":"https:\/\/www.k3-verein.at\/index.php?rest_route=\/wp\/v2\/posts\/1260","targetHints":{"allow":["GET"]}}],"collection":[{"href":"https:\/\/www.k3-verein.at\/index.php?rest_route=\/wp\/v2\/posts"}],"about":[{"href":"https:\/\/www.k3-verein.at\/index.php?rest_route=\/wp\/v2\/types\/post"}],"author":[{"embeddable":true,"href":"https:\/\/www.k3-verein.at\/index.php?rest_route=\/wp\/v2\/users\/1"}],"replies":[{"embeddable":true,"href":"https:\/\/www.k3-verein.at\/index.php?rest_route=%2Fwp%2Fv2%2Fcomments&post=1260"}],"version-history":[{"count":8,"href":"https:\/\/www.k3-verein.at\/index.php?rest_route=\/wp\/v2\/posts\/1260\/revisions"}],"predecessor-version":[{"id":1274,"href":"https:\/\/www.k3-verein.at\/index.php?rest_route=\/wp\/v2\/posts\/1260\/revisions\/1274"}],"wp:attachment":[{"href":"https:\/\/www.k3-verein.at\/index.php?rest_route=%2Fwp%2Fv2%2Fmedia&parent=1260"}],"wp:term":[{"taxonomy":"category","embeddable":true,"href":"https:\/\/www.k3-verein.at\/index.php?rest_route=%2Fwp%2Fv2%2Fcategories&post=1260"},{"taxonomy":"post_tag","embeddable":true,"href":"https:\/\/www.k3-verein.at\/index.php?rest_route=%2Fwp%2Fv2%2Ftags&post=1260"}],"curies":[{"name":"wp","href":"https:\/\/api.w.org\/{rel}","templated":true}]}}