{"id":1288,"date":"2021-03-09T11:29:21","date_gmt":"2021-03-09T10:29:21","guid":{"rendered":"https:\/\/www.k3-verein.at\/?p=1288"},"modified":"2021-03-09T11:29:21","modified_gmt":"2021-03-09T10:29:21","slug":"2021-mit-oder-mit-ohne-corona","status":"publish","type":"post","link":"https:\/\/www.k3-verein.at\/?p=1288","title":{"rendered":"2021, mit oder mit ohne Corona"},"content":{"rendered":"<p>Nein, wir lassen uns nicht unterkriegen, immerhin haben wir es auch geschafft, 2020 in Sommerkonzert (als Eratz f\u00fcr das entfallene Literaturfestival) und alle drei Konzerte der Herbstkl\u00e4nge \u00fcber die B\u00fchne zu bekommen.<\/p>\n<p><strong>Literaturfestival 2021<\/strong><\/p>\n<p>Das ist prinzipiell f\u00fcr den 25. Juni 2021 vorgesehen, ob nd wie das mit Corona funktioniert wissen wir noch nicht, daher verweigern wir noch die Ver\u00f6ffentlichung etwaiger Details.<\/p>\n<p><strong>Stra\u00dfengler Herbstkl\u00e4nge 2021<\/strong><\/p>\n<p>Hier sind wir schon viel weiter, um nicht zu sagen im Grunde fertig mit der Planung. Offen ist lediglich die Frage, ob das dann schon wieder bei freiem eintritt geht oder ob wir wieder g\u00fcnstige Karten verkaufen und Sitzpl\u00e4tze zuweisen m\u00fcssen. Auch offen: Zugang nur f\u00fcr Geimpfte und frisch Getestete? Die Zeit wird&#8217;s weisen.<\/p>\n<p>Wie erstmals 2020 werden wir als Austragungsort in der Stra\u00dfengler Halle bleiben. Abstandstechnisch falls erforderlich einfacher, au\u00dferdem B\u00fchne, Heizung, Licht, Akustik &#8230;<\/p>\n<p>Klar hingegen und fixiert das Programm:<\/p>\n<p><span style=\"color: #3366ff;\"><strong>Freitag, 1. Oktober 2021, 19 Uhr<\/strong><\/span><\/p>\n<p><span style=\"color: #008000;\"><strong>LA ONDA<\/strong><\/span><\/p>\n<p><strong>Yanet Infanz\u00f2n<\/strong> ist Violinistin und S\u00e4ngerin aus Kuba, lebt seit 2004 in Europa und seit f\u00fcnf Jahren in Graz. Neben ihren klassischen Projekten (recreation &#8211; gro\u00dfes Orchester Graz) hat sie vor allem ein eigenes <strong>Trio-Projekt &#8222;<em>La Onda<\/em>&#8222;<\/strong> (spanisch: die Welle) ins Leben gerufen.<br \/>\nUnser Youtube-Tipp: https:\/\/www.youtube.com\/watch?v=AjH5X9QgfZI<\/p>\n<p><strong><span style=\"color: #3366ff;\">Freitag, 29. Oktober 2021, 19 Uhr<\/span><br \/>\n<\/strong>Die lange Pause zwischen den Konzerten 1 und 2 ist dem Theater am Hof geschuldet, das darauf hofft, heuer wieder eine Theaterproduktion auf die B\u00fchne zu bringen &#8211; wir w\u00fcnschen erst alles Gute, dann Toi, toi, toi!<\/p>\n<p><span style=\"color: #008000;\"><strong>FOLKSMILCH<\/strong><\/span><br \/>\nDa schlie\u00dfen sich ein paar Herbstkl\u00e4nge-Kreise &#8230;<\/p>\n<p><strong>Christian Bakanic<\/strong> &#8211; Akkordeon &amp; Perkussion<br \/>\n<strong>Klemens Bittmann<\/strong> &#8211; Violine &amp; Mandola<br \/>\n<strong>Eddie Luis<\/strong> &#8211; Kontrabass &amp; Gesang<\/p>\n<p>Unser Youtube-Tipp: https:\/\/www.youtube.com\/watch?v=77f_bjlVDYM<\/p>\n<p><strong><span style=\"color: #3366ff;\">Donnerstag, 4. November 2021, 19 Uhr<\/span><br \/>\n<\/strong>Achtung &#8211; wir brechen die Freitag-Serie, die Truppe muss n\u00e4mlich am 5. schon im Wiener Konzerthaus sein \ud83d\ude42<strong><\/p>\n<p><span style=\"color: #008000;\">KLAKRADL<\/span><\/strong><\/p>\n<p><strong>Ghupft und Ghatscht<br \/>\n<\/strong>Die K\u00e4rntner Musikformation Klakradl besteht aus dem Kabarettduo RaDeschnig, sowie\u00a0dem Jazz \/Worldmusic Duo [:klak:]. Beide bereichern ihre jeweiligen Sparten seit Jahren mit gro\u00dfem Erfolg und wurden bereits mit zahlreichen Preisen ausgezeichnet. Seit ihrer Fusion 2015 ist das Quartett als Klakradl im deutschsprachigen Raum unterwegs und streift dabei virtuos durch das vielseitige Repertoire der Musikstile. Stetiger Begleiter ist dabei der K\u00e4rntner Dialekt, der die virtuosen Kl\u00e4nge mit einer verspielten Bodenst\u00e4ndigkeit umh\u00fcllt und so dem Klakradl seinen ganz eigenen musikalischen Charme verleiht.<\/p>\n<p><strong>klak<\/strong><br \/>\nStefan Kollmann \/\/ Akkordeon, Gesang<br \/>\nMarkus Fellner \/\/ Klarinette, Percussion, Gesang<br \/>\n<strong>RaDeschnig \u00a0<\/strong><br \/>\nBirgit Radeschnig \u2013 Gesang, Gitarre, Akkordeon<br \/>\nNicole Radeschnig \u2013 Gesang, Klarinette<\/p>\n<p>Unser Youtube-Tipp: https:\/\/www.youtube.com\/watch?v=3WGPHnXsP7I<\/p>\n<div id=\"attachment_1289\" style=\"width: 310px\" class=\"wp-caption alignleft\"><a href=\"https:\/\/www.k3-verein.at\/wp-content\/uploads\/klakradl01.jpg\"><img loading=\"lazy\" decoding=\"async\" aria-describedby=\"caption-attachment-1289\" class=\"wp-image-1289 size-medium\" src=\"https:\/\/www.k3-verein.at\/wp-content\/uploads\/klakradl01-300x214.jpg\" alt=\"Foto: Stefan Grauf-Sixt\" width=\"300\" height=\"214\" srcset=\"https:\/\/www.k3-verein.at\/wp-content\/uploads\/klakradl01-300x214.jpg 300w, https:\/\/www.k3-verein.at\/wp-content\/uploads\/klakradl01-1024x731.jpg 1024w, https:\/\/www.k3-verein.at\/wp-content\/uploads\/klakradl01-624x445.jpg 624w\" sizes=\"auto, (max-width: 300px) 100vw, 300px\" \/><\/a><p id=\"caption-attachment-1289\" class=\"wp-caption-text\">Foto: Stefan Grauf-Sixt<\/p><\/div>\n","protected":false},"excerpt":{"rendered":"<p>Nein, wir lassen uns nicht unterkriegen, immerhin haben wir es auch geschafft, 2020 in Sommerkonzert (als Eratz f\u00fcr das entfallene Literaturfestival) und alle drei Konzerte der Herbstkl\u00e4nge \u00fcber die B\u00fchne zu bekommen. Literaturfestival 2021 Das ist prinzipiell f\u00fcr den 25. Juni 2021 vorgesehen, ob nd wie das mit Corona funktioniert wissen wir noch nicht, daher [&hellip;]<\/p>\n","protected":false},"author":1,"featured_media":0,"comment_status":"closed","ping_status":"closed","sticky":false,"template":"","format":"standard","meta":{"ngg_post_thumbnail":0,"footnotes":""},"categories":[1],"tags":[],"class_list":["post-1288","post","type-post","status-publish","format-standard","hentry","category-allgemein"],"_links":{"self":[{"href":"https:\/\/www.k3-verein.at\/index.php?rest_route=\/wp\/v2\/posts\/1288","targetHints":{"allow":["GET"]}}],"collection":[{"href":"https:\/\/www.k3-verein.at\/index.php?rest_route=\/wp\/v2\/posts"}],"about":[{"href":"https:\/\/www.k3-verein.at\/index.php?rest_route=\/wp\/v2\/types\/post"}],"author":[{"embeddable":true,"href":"https:\/\/www.k3-verein.at\/index.php?rest_route=\/wp\/v2\/users\/1"}],"replies":[{"embeddable":true,"href":"https:\/\/www.k3-verein.at\/index.php?rest_route=%2Fwp%2Fv2%2Fcomments&post=1288"}],"version-history":[{"count":1,"href":"https:\/\/www.k3-verein.at\/index.php?rest_route=\/wp\/v2\/posts\/1288\/revisions"}],"predecessor-version":[{"id":1290,"href":"https:\/\/www.k3-verein.at\/index.php?rest_route=\/wp\/v2\/posts\/1288\/revisions\/1290"}],"wp:attachment":[{"href":"https:\/\/www.k3-verein.at\/index.php?rest_route=%2Fwp%2Fv2%2Fmedia&parent=1288"}],"wp:term":[{"taxonomy":"category","embeddable":true,"href":"https:\/\/www.k3-verein.at\/index.php?rest_route=%2Fwp%2Fv2%2Fcategories&post=1288"},{"taxonomy":"post_tag","embeddable":true,"href":"https:\/\/www.k3-verein.at\/index.php?rest_route=%2Fwp%2Fv2%2Ftags&post=1288"}],"curies":[{"name":"wp","href":"https:\/\/api.w.org\/{rel}","templated":true}]}}