{"id":1332,"date":"2022-03-03T12:31:27","date_gmt":"2022-03-03T11:31:27","guid":{"rendered":"https:\/\/www.k3-verein.at\/?p=1332"},"modified":"2022-03-07T07:31:41","modified_gmt":"2022-03-07T06:31:41","slug":"k3-2022-vorinformation","status":"publish","type":"post","link":"https:\/\/www.k3-verein.at\/?p=1332","title":{"rendered":"K3 2022 &#8211; Vorinformation"},"content":{"rendered":"<p>Sch\u00f6n langsam k\u00f6nnen wir damit herausr\u00fccken, was K3 im Jahr 2022 zu bieten hat. Karten kann man noch keine kaufen, daf\u00fcr ist es leider noch zu fr\u00fch &#8230; Ort in allen F\u00e4llen die Stra\u00dfengler Mehrzweckhalle, Beginn immer 19 Uhr, Kartenpreis 10 Euro<br \/>\nErg\u00e4nzend arbeiten wir noch einem Weihnachtskonzert, aber daf\u00fcr ist es wirklich noch zu fr\u00fch!<\/p>\n<p><span style=\"font-size: 14pt; color: #339966;\"><strong>Literaturabend<\/strong><\/span><\/p>\n<p>Statt des gewohnten Literatur-Events mit mehreren Lesungen konzerntrieren wir und heuer auf einen Autor: Niemand geringerer als <span style=\"color: #ff6600;\"><strong>Uli Br\u00e9e<\/strong><\/span> (Vorstadtweiber, 4 Frauen und ein Todesfall) wird uns am<strong> 2. Juni 2022<\/strong> in Kooperation mit dem Fine Crime Krimifestival die Ehre geben. Im Zentrum steht sein erster Roman &#8222;Du wirst mich t\u00f6ten&#8220;, Eine radikale Liebesgeschichte \u2014 \u00fcberraschend, brutal und poetisch, erschienen im Amalthea Verlag. Mehr dazu etwas sp\u00e4ter &#8230; jedenfalls gibt&#8217;s eine musikalische Begleitung und einen Beamer sollen wir auch herrichten &#8230;<\/p>\n<p>&nbsp;<\/p>\n<p><span style=\"font-size: 14pt; color: #339966;\"><strong>Stra\u00dfengler Herbstkl\u00e4nge<\/strong><\/span><\/p>\n<p><strong>Freitag, 11.11.2022<br \/>\n<\/strong>endlich mal richtiger Jazz bei den Herbstkl\u00e4ngen mit einer der Allzeitgr\u00f6\u00dfen der Grazer Jazz-Szene: <strong><span style=\"color: #ff6600;\">Bernd Luef Trio<\/span> mit Bernd Luef, Vibraphon &#8211; Thorsten Zimmermann, Bass &#8211; Viktor Palic, Drums<br \/>\n<\/strong><\/p>\n<p><strong>Freitag, 18.11.2022<\/strong><br \/>\nF\u00fcr unser zweites Konzert freuen wir uns auf die wunderbare, gro\u00dfartige<br \/>\n<span style=\"color: #ff6600;\"><strong>Birgit Denk<\/strong><\/span> mit ihrem Programm &#8222;Erdbeeren und Musik&#8220;<\/p>\n<p>Birgit Denk: Gesang<br \/>\nAlex Horstmann: Bass<br \/>\nMag.rer.soc.oec. Harald Wiesinger: Tasteninstrumente<br \/>\nLudwig Ebner: Gitarre<br \/>\nPhilipp &#8220; DISCO&#8220; Mayer : Schlagzeug<\/p>\n<p>den Abschluss machen zwei Musiker, die immer wieder bei uns gastieren:<\/p>\n<p><strong>Mittwoch, 30.11.2022<br \/>\n<span style=\"color: #ff6600;\">BartolomeyBittmann<\/span><\/strong><\/p>\n<p><strong> Matthias Bartolomey, Cello<br \/>\nKlemens Bittmann, Geige und Mandola<\/strong><\/p>\n<p>Im Mittelpunkt wird ihr neues Programm &#8222;ZEHN&#8220; stehen, das vorigen herbst rund um die Zeit erarbeitet wurde, zu der Klemens Bittmann als Folksmilch-Mitglied auf der K3-B\u00fchne zu Gast war.<\/p>\n<p>&nbsp;<\/p>\n","protected":false},"excerpt":{"rendered":"<p>Sch\u00f6n langsam k\u00f6nnen wir damit herausr\u00fccken, was K3 im Jahr 2022 zu bieten hat. Karten kann man noch keine kaufen, daf\u00fcr ist es leider noch zu fr\u00fch &#8230; Ort in allen F\u00e4llen die Stra\u00dfengler Mehrzweckhalle, Beginn immer 19 Uhr, Kartenpreis 10 Euro Erg\u00e4nzend arbeiten wir noch einem Weihnachtskonzert, aber daf\u00fcr ist es wirklich noch zu [&hellip;]<\/p>\n","protected":false},"author":1,"featured_media":0,"comment_status":"closed","ping_status":"closed","sticky":false,"template":"","format":"standard","meta":{"ngg_post_thumbnail":0,"footnotes":""},"categories":[1],"tags":[],"class_list":["post-1332","post","type-post","status-publish","format-standard","hentry","category-allgemein"],"_links":{"self":[{"href":"https:\/\/www.k3-verein.at\/index.php?rest_route=\/wp\/v2\/posts\/1332","targetHints":{"allow":["GET"]}}],"collection":[{"href":"https:\/\/www.k3-verein.at\/index.php?rest_route=\/wp\/v2\/posts"}],"about":[{"href":"https:\/\/www.k3-verein.at\/index.php?rest_route=\/wp\/v2\/types\/post"}],"author":[{"embeddable":true,"href":"https:\/\/www.k3-verein.at\/index.php?rest_route=\/wp\/v2\/users\/1"}],"replies":[{"embeddable":true,"href":"https:\/\/www.k3-verein.at\/index.php?rest_route=%2Fwp%2Fv2%2Fcomments&post=1332"}],"version-history":[{"count":3,"href":"https:\/\/www.k3-verein.at\/index.php?rest_route=\/wp\/v2\/posts\/1332\/revisions"}],"predecessor-version":[{"id":1335,"href":"https:\/\/www.k3-verein.at\/index.php?rest_route=\/wp\/v2\/posts\/1332\/revisions\/1335"}],"wp:attachment":[{"href":"https:\/\/www.k3-verein.at\/index.php?rest_route=%2Fwp%2Fv2%2Fmedia&parent=1332"}],"wp:term":[{"taxonomy":"category","embeddable":true,"href":"https:\/\/www.k3-verein.at\/index.php?rest_route=%2Fwp%2Fv2%2Fcategories&post=1332"},{"taxonomy":"post_tag","embeddable":true,"href":"https:\/\/www.k3-verein.at\/index.php?rest_route=%2Fwp%2Fv2%2Ftags&post=1332"}],"curies":[{"name":"wp","href":"https:\/\/api.w.org\/{rel}","templated":true}]}}