{"id":1338,"date":"2022-04-25T07:09:01","date_gmt":"2022-04-25T05:09:01","guid":{"rendered":"https:\/\/www.k3-verein.at\/?p=1338"},"modified":"2022-04-25T07:09:01","modified_gmt":"2022-04-25T05:09:01","slug":"2-juni-2022-lesung-mit-uli-bree","status":"publish","type":"post","link":"https:\/\/www.k3-verein.at\/?p=1338","title":{"rendered":"2. Juni 2022: Lesung mit Uli Br\u00e9e"},"content":{"rendered":"<p><a href=\"https:\/\/www.k3-verein.at\/wp-content\/uploads\/bre\u0301e_c_JanFrankl_Presse.jpg\"><img loading=\"lazy\" decoding=\"async\" class=\"alignleft size-full wp-image-1339\" src=\"https:\/\/www.k3-verein.at\/wp-content\/uploads\/bre\u0301e_c_JanFrankl_Presse.jpg\" alt=\"bre\u0301e_(c)_JanFrankl_Presse\" width=\"1181\" height=\"1574\" srcset=\"https:\/\/www.k3-verein.at\/wp-content\/uploads\/bre\u0301e_c_JanFrankl_Presse.jpg 1181w, https:\/\/www.k3-verein.at\/wp-content\/uploads\/bre\u0301e_c_JanFrankl_Presse-225x300.jpg 225w, https:\/\/www.k3-verein.at\/wp-content\/uploads\/bre\u0301e_c_JanFrankl_Presse-768x1024.jpg 768w, https:\/\/www.k3-verein.at\/wp-content\/uploads\/bre\u0301e_c_JanFrankl_Presse-624x832.jpg 624w\" sizes=\"auto, (max-width: 1181px) 100vw, 1181px\" \/><\/a><\/p>\n<p>&nbsp;<\/p>\n<p>&nbsp;<\/p>\n<p><span style=\"font-size: 8pt;\">Foto: Jan Frankl<\/span><strong><br \/>\n<\/strong><\/p>\n<p><strong>Uli Br\u00e9e zu Gast bei K3 in Gratwein-Stra\u00dfengel<\/strong><\/p>\n<p><strong>Uli Br\u00e9e<\/strong> ist mit den \u201eVorstadtweibern\u201c und \u201e4 Frauen und ein Todesfall\u201c TV-Kultproduzent \u2013 und nun mit \u201eDu wirst mich t\u00f6ten\u201c auch Autor einer radikalen, blutigen, aber auch poetischen Liebesgeschichte. Mit diesem ersten Roman sticht Br\u00e9e direkt ins Leben und l\u00e4sst die Zuh\u00f6rer bzw. Leser so manche &#8222;Gef\u00fchlsh\u00fcrde&#8220; \u00fcberwinden. Perfekt erg\u00e4nzt wird dieser G\u00e4nsehaut-Abend von <strong>Marc Hess<\/strong> als Virtuose am Klavier, der f\u00fcr den richtigen Sound sorgt und durch seine Melodien dazu beitr\u00e4gt, den Film im Kopf vollends entstehen zu lassen.<\/p>\n<p>Die Lesung, die heuer den traditionellen Juni-Literaturabend des Gratwein-Stra\u00dfengler Vereins K3 f\u00fcllt, findet in Kooperation mit dem Fine Crime Festival statt, das sich ansonsten von 30.5.bis 4.6.2022 auf Graz konzentriert.<\/p>\n<p>Dem K3-Team gelingt es damit ein weiteres Mal, einen gro\u00dfen Namen nach Gratwein-Stra\u00dfengel zu holen und als kultureller Nahversorger einen wichtigen Beitrag zum Ortsgeschehen zu leisten!<\/p>\n<p><strong>Datum:<\/strong> Donnerstag, 2. Juni, 19 Uhr<\/p>\n<p><strong>Ort:<\/strong> Stra\u00dfengler Halle, 8111 Gratwein-Stra\u00dfengel, Hauptplatz 1<\/p>\n<p><strong>Karten <\/strong>(10 Euro) erhalten Sie im Stra\u00dfengler Genusseck (Gewerbezentrum Lammer, Gratweiner Stra\u00dfe 17, 8111 Gratwein-Stra\u00dfengel) oder Sie nutzen die Reservierungsm\u00f6glichkeit unter <a href=\"http:\/\/www.k3-verein.at\">www.k3-verein.at<\/a> bzw. <a href=\"mailto:info@k3-verein.at\">info@k3-verein.at<\/a>. Reservierte Karten liegen dann an der Abendkassa f\u00fcr Sie bereit.<\/p>\n<p>Weitere Infos zur Lesung: <a href=\"http:\/\/www.k3-verein.at\">www.k3-verein.at<\/a><br \/>\nWeitere Infos zum Fine Crime Festival: <a href=\"http:\/\/www.finecrime.com\">www.finecrime.com<\/a><\/p>\n","protected":false},"excerpt":{"rendered":"<p>&nbsp; &nbsp; Foto: Jan Frankl Uli Br\u00e9e zu Gast bei K3 in Gratwein-Stra\u00dfengel Uli Br\u00e9e ist mit den \u201eVorstadtweibern\u201c und \u201e4 Frauen und ein Todesfall\u201c TV-Kultproduzent \u2013 und nun mit \u201eDu wirst mich t\u00f6ten\u201c auch Autor einer radikalen, blutigen, aber auch poetischen Liebesgeschichte. Mit diesem ersten Roman sticht Br\u00e9e direkt ins Leben und l\u00e4sst die [&hellip;]<\/p>\n","protected":false},"author":1,"featured_media":0,"comment_status":"closed","ping_status":"closed","sticky":false,"template":"","format":"standard","meta":{"ngg_post_thumbnail":0,"footnotes":""},"categories":[1],"tags":[],"class_list":["post-1338","post","type-post","status-publish","format-standard","hentry","category-allgemein"],"_links":{"self":[{"href":"https:\/\/www.k3-verein.at\/index.php?rest_route=\/wp\/v2\/posts\/1338","targetHints":{"allow":["GET"]}}],"collection":[{"href":"https:\/\/www.k3-verein.at\/index.php?rest_route=\/wp\/v2\/posts"}],"about":[{"href":"https:\/\/www.k3-verein.at\/index.php?rest_route=\/wp\/v2\/types\/post"}],"author":[{"embeddable":true,"href":"https:\/\/www.k3-verein.at\/index.php?rest_route=\/wp\/v2\/users\/1"}],"replies":[{"embeddable":true,"href":"https:\/\/www.k3-verein.at\/index.php?rest_route=%2Fwp%2Fv2%2Fcomments&post=1338"}],"version-history":[{"count":2,"href":"https:\/\/www.k3-verein.at\/index.php?rest_route=\/wp\/v2\/posts\/1338\/revisions"}],"predecessor-version":[{"id":1341,"href":"https:\/\/www.k3-verein.at\/index.php?rest_route=\/wp\/v2\/posts\/1338\/revisions\/1341"}],"wp:attachment":[{"href":"https:\/\/www.k3-verein.at\/index.php?rest_route=%2Fwp%2Fv2%2Fmedia&parent=1338"}],"wp:term":[{"taxonomy":"category","embeddable":true,"href":"https:\/\/www.k3-verein.at\/index.php?rest_route=%2Fwp%2Fv2%2Fcategories&post=1338"},{"taxonomy":"post_tag","embeddable":true,"href":"https:\/\/www.k3-verein.at\/index.php?rest_route=%2Fwp%2Fv2%2Ftags&post=1338"}],"curies":[{"name":"wp","href":"https:\/\/api.w.org\/{rel}","templated":true}]}}