{"id":1344,"date":"2022-06-09T08:48:42","date_gmt":"2022-06-09T06:48:42","guid":{"rendered":"https:\/\/www.k3-verein.at\/?p=1344"},"modified":"2022-10-28T12:10:22","modified_gmt":"2022-10-28T10:10:22","slug":"strassengler-herbstklaenge-2022","status":"publish","type":"post","link":"https:\/\/www.k3-verein.at\/?p=1344","title":{"rendered":"Stra\u00dfengler Herbstkl\u00e4nge 2022"},"content":{"rendered":"<p><a href=\"https:\/\/www.k3-verein.at\/wp-content\/uploads\/HK22_FB01.jpg\"><img loading=\"lazy\" decoding=\"async\" class=\"alignleft size-full wp-image-1361\" src=\"https:\/\/www.k3-verein.at\/wp-content\/uploads\/HK22_FB01.jpg\" alt=\"\" width=\"3417\" height=\"1583\" srcset=\"https:\/\/www.k3-verein.at\/wp-content\/uploads\/HK22_FB01.jpg 3417w, https:\/\/www.k3-verein.at\/wp-content\/uploads\/HK22_FB01-300x139.jpg 300w, https:\/\/www.k3-verein.at\/wp-content\/uploads\/HK22_FB01-768x356.jpg 768w, https:\/\/www.k3-verein.at\/wp-content\/uploads\/HK22_FB01-1024x474.jpg 1024w, https:\/\/www.k3-verein.at\/wp-content\/uploads\/HK22_FB01-624x289.jpg 624w\" sizes=\"auto, (max-width: 3417px) 100vw, 3417px\" \/><\/a><\/p>\n<p><strong>KARTENVERKAUF:<br \/>\n<\/strong><\/p>\n<p>Karten zum Einzelpreis von jeweils nur 10 Euro f\u00fcr unsere 3 Herbstkonzerte gibt es auf folgenden Wegen:<\/p>\n<ol>\n<li>Gew\u00fcnschte Karten via e-Mail an info@k3-verein.at oder via SMS7WhatsApp an 0664 4170149 mit Bekanntgabe des Namens reservieren. Die Bezahlung erfolgt dann einfach bar an der Abendkassa.<\/li>\n<li>F\u00fcr alle, die in Gratwein-Stra\u00dfengel wohnen (oderhier ab und zu vorbeikommen): KartenVERKAUF im Stra\u00dfengler Genusseck (Gewerbezantrum Lammer, gegen\u00fcber der Flora Apotheke) Do und Freitag 8 bis 18 Uhr, Samstag 8 bis 12 Uhr.<\/li>\n<\/ol>\n<p><strong><span style=\"font-size: 14pt;\">Freitag, 11.11.2022<\/span>, 19 Uhr<br \/>\n<\/strong>Endlich mal richtiger Jazz bei den Herbstkl\u00e4ngen mit einer der Allzeitgr\u00f6\u00dfen der Grazer Jazz-Szene. Und das aus gutem Grund. Das <strong>Berndt Luef Trio mit Bernd Luef, Vibraphon \u2013 Thorsten Zimmermann, Bass \u2013 Viktor Palic, Drums feiert heuer sein 40-Jahre-Jubil\u00e4um!<\/strong> <a href=\"https:\/\/www.k3-verein.at\/wp-content\/uploads\/BL3-Peter-Purgar-.jpg\"><img loading=\"lazy\" decoding=\"async\" class=\"alignleft size-full wp-image-1347\" src=\"https:\/\/www.k3-verein.at\/wp-content\/uploads\/BL3-Peter-Purgar-.jpg\" alt=\"BL3 (Peter Purgar)\" width=\"2000\" height=\"1333\" srcset=\"https:\/\/www.k3-verein.at\/wp-content\/uploads\/BL3-Peter-Purgar-.jpg 2000w, https:\/\/www.k3-verein.at\/wp-content\/uploads\/BL3-Peter-Purgar--300x200.jpg 300w, https:\/\/www.k3-verein.at\/wp-content\/uploads\/BL3-Peter-Purgar--1024x682.jpg 1024w, https:\/\/www.k3-verein.at\/wp-content\/uploads\/BL3-Peter-Purgar--624x416.jpg 624w\" sizes=\"auto, (max-width: 2000px) 100vw, 2000px\" \/><\/a><\/p>\n<p><span style=\"font-size: 14pt;\"><strong>Freitag, 18.11.2022, 19 Uhr<\/strong><\/span><br \/>\nF\u00fcr unser zweites Konzert freuen wir uns auf die wunderbare, gro\u00dfartige<br \/>\n<strong>Birgit Denk<\/strong> mit ihrem Programm \u201eErdbeeren und Musik\u201c: 50. Geburtstag, 20 Jahre-Jubil\u00e4um der Band: All das muss Birgit Denk nach der Corona-Pause nachholen. Wir freuen uns auf Sie!<\/p>\n<p>Birgit Denk: Gesang<br \/>\nAlex Horstmann: Bass<br \/>\nMag.rer.soc.oec. Harald Wiesinger: Tasteninstrumente<br \/>\nLudwig Ebner: Gitarre<br \/>\nPhilipp \u201c DISCO\u201c Mayer: Schlagzeug<\/p>\n<p><a href=\"https:\/\/www.k3-verein.at\/wp-content\/uploads\/birgit_denk_5-\u00a9ULRIK-H\u00d6LZEL__web.jpg\"><img loading=\"lazy\" decoding=\"async\" class=\"alignleft size-full wp-image-1348\" src=\"https:\/\/www.k3-verein.at\/wp-content\/uploads\/birgit_denk_5-\u00a9ULRIK-H\u00d6LZEL__web.jpg\" alt=\"birgit_denk_5 \u00a9ULRIK H\u00d6LZEL__web\" width=\"1667\" height=\"2500\" srcset=\"https:\/\/www.k3-verein.at\/wp-content\/uploads\/birgit_denk_5-\u00a9ULRIK-H\u00d6LZEL__web.jpg 1667w, https:\/\/www.k3-verein.at\/wp-content\/uploads\/birgit_denk_5-\u00a9ULRIK-H\u00d6LZEL__web-200x300.jpg 200w, https:\/\/www.k3-verein.at\/wp-content\/uploads\/birgit_denk_5-\u00a9ULRIK-H\u00d6LZEL__web-683x1024.jpg 683w, https:\/\/www.k3-verein.at\/wp-content\/uploads\/birgit_denk_5-\u00a9ULRIK-H\u00d6LZEL__web-624x936.jpg 624w\" sizes=\"auto, (max-width: 1667px) 100vw, 1667px\" \/><\/a><\/p>\n<p>den Abschluss machen zwei Musiker, die immer wieder bei uns gastieren:<\/p>\n<p><strong><span style=\"font-size: 14pt;\">Mittwoch, 30.11.2022, 19 Uhr<\/span><br \/>\nBartolomeyBittmann<\/strong><\/p>\n<p><strong> Matthias Bartolomey, Cello<br \/>\nKlemens Bittmann, Geige und Mandola<\/strong><\/p>\n<p>Im Mittelpunkt wird ihr neues Programm \u201eZEHN\u201c stehen, das vorigen Herbst rund um die Zeit erarbeitet wurde, als Klemens Bittmann als Folksmilch-Mitglied auf der K3-B\u00fchne zu Gast war.<\/p>\n<p><a href=\"https:\/\/www.k3-verein.at\/wp-content\/uploads\/01-BartolomeyBittmann\u252c\u00aeStephan-Doleschal.jpg\"><img loading=\"lazy\" decoding=\"async\" class=\"alignleft size-full wp-image-1349\" src=\"https:\/\/www.k3-verein.at\/wp-content\/uploads\/01-BartolomeyBittmann\u252c\u00aeStephan-Doleschal.jpg\" alt=\"01 BartolomeyBittmann\u252c\u00aeStephan Doleschal\" width=\"6720\" height=\"4480\" srcset=\"https:\/\/www.k3-verein.at\/wp-content\/uploads\/01-BartolomeyBittmann\u252c\u00aeStephan-Doleschal.jpg 6720w, https:\/\/www.k3-verein.at\/wp-content\/uploads\/01-BartolomeyBittmann\u252c\u00aeStephan-Doleschal-300x200.jpg 300w, https:\/\/www.k3-verein.at\/wp-content\/uploads\/01-BartolomeyBittmann\u252c\u00aeStephan-Doleschal-1024x683.jpg 1024w, https:\/\/www.k3-verein.at\/wp-content\/uploads\/01-BartolomeyBittmann\u252c\u00aeStephan-Doleschal-624x416.jpg 624w\" sizes=\"auto, (max-width: 6720px) 100vw, 6720px\" \/><\/a><\/p>\n","protected":false},"excerpt":{"rendered":"<p>KARTENVERKAUF: Karten zum Einzelpreis von jeweils nur 10 Euro f\u00fcr unsere 3 Herbstkonzerte gibt es auf folgenden Wegen: Gew\u00fcnschte Karten via e-Mail an info@k3-verein.at oder via SMS7WhatsApp an 0664 4170149 mit Bekanntgabe des Namens reservieren. Die Bezahlung erfolgt dann einfach bar an der Abendkassa. F\u00fcr alle, die in Gratwein-Stra\u00dfengel wohnen (oderhier ab und zu vorbeikommen): [&hellip;]<\/p>\n","protected":false},"author":1,"featured_media":0,"comment_status":"closed","ping_status":"closed","sticky":false,"template":"","format":"standard","meta":{"ngg_post_thumbnail":0,"footnotes":""},"categories":[1],"tags":[],"class_list":["post-1344","post","type-post","status-publish","format-standard","hentry","category-allgemein"],"_links":{"self":[{"href":"https:\/\/www.k3-verein.at\/index.php?rest_route=\/wp\/v2\/posts\/1344","targetHints":{"allow":["GET"]}}],"collection":[{"href":"https:\/\/www.k3-verein.at\/index.php?rest_route=\/wp\/v2\/posts"}],"about":[{"href":"https:\/\/www.k3-verein.at\/index.php?rest_route=\/wp\/v2\/types\/post"}],"author":[{"embeddable":true,"href":"https:\/\/www.k3-verein.at\/index.php?rest_route=\/wp\/v2\/users\/1"}],"replies":[{"embeddable":true,"href":"https:\/\/www.k3-verein.at\/index.php?rest_route=%2Fwp%2Fv2%2Fcomments&post=1344"}],"version-history":[{"count":6,"href":"https:\/\/www.k3-verein.at\/index.php?rest_route=\/wp\/v2\/posts\/1344\/revisions"}],"predecessor-version":[{"id":1362,"href":"https:\/\/www.k3-verein.at\/index.php?rest_route=\/wp\/v2\/posts\/1344\/revisions\/1362"}],"wp:attachment":[{"href":"https:\/\/www.k3-verein.at\/index.php?rest_route=%2Fwp%2Fv2%2Fmedia&parent=1344"}],"wp:term":[{"taxonomy":"category","embeddable":true,"href":"https:\/\/www.k3-verein.at\/index.php?rest_route=%2Fwp%2Fv2%2Fcategories&post=1344"},{"taxonomy":"post_tag","embeddable":true,"href":"https:\/\/www.k3-verein.at\/index.php?rest_route=%2Fwp%2Fv2%2Ftags&post=1344"}],"curies":[{"name":"wp","href":"https:\/\/api.w.org\/{rel}","templated":true}]}}