{"id":1368,"date":"2023-02-21T12:06:47","date_gmt":"2023-02-21T11:06:47","guid":{"rendered":"https:\/\/www.k3-verein.at\/?p=1368"},"modified":"2023-06-27T19:18:43","modified_gmt":"2023-06-27T17:18:43","slug":"2023-15-jahre-k3","status":"publish","type":"post","link":"https:\/\/www.k3-verein.at\/?p=1368","title":{"rendered":"2023: 15 Jahre K3"},"content":{"rendered":"\n<p>Spannend, wie schnell die Zeit vergeht. H\u00e4tten wir bei der Planung des heurigen Programms etwas mehr auf dieses Jubil\u00e4um R\u00fccksicht nehmen sollen? Nein, haben wir nicht, aber wir k\u00f6nnten es jederzeit so interpretieren. <\/p>\n\n\n\n<p>Was wir bereits an Fixpunkten haben, kann sich sehen lassen. Da w\u00e4re etwa <strong>am 15. Juni unser Literatur-Fixpunkt<\/strong>. Den k\u00f6nnte man insofern als Jubil\u00e4umsabend gelten lassen, treten doch alte und gerne wiedergesehene Bekannte auf: Die Kombination aus Lesung und Konzert mit <strong>Stefan Slupetzky<\/strong>. Der Autor der Lemming-Krimis kommt mit einem brandneuen Tifel (aktuell noch in  Druck): LEMMING BLUES. &#8222;Treffen sich ein Lemming und ein Mops in einer Detektei \u2026 und stecken pl\u00f6tzlich mittendrin in einem kunterbunten Kriminalfall.&#8220; \u00dcbrigens: Danke an Robert Preis und das Finecrime-Festival, wie schon im Vorjahr unser Veranstaltungspartner.<\/p>\n\n\n\n<p>Slupetzky liest sowieso gro\u00dfartig, noch lustiger wird es allerdings, wenn dann hinten nach mit Martin Zrost und Michael Kunz mit auf die B\u00fchne kommen und das <strong>TRIO LEPSCHI<\/strong> komplettieren.  &#8222;Lustig, brutal, deppert und gemein&#8220; hat der Standard einmal zusammengefasst, was da auf uns zukommt. <\/p>\n\n\n\n<figure class=\"wp-block-image\"><img loading=\"lazy\" decoding=\"async\" width=\"1024\" height=\"768\" src=\"https:\/\/www.k3-verein.at\/wp-content\/uploads\/Slupetzky02_by_Julia_Maetzl-1024x768.jpg\" alt=\"\" class=\"wp-image-1375\" srcset=\"https:\/\/www.k3-verein.at\/wp-content\/uploads\/Slupetzky02_by_Julia_Maetzl-1024x768.jpg 1024w, https:\/\/www.k3-verein.at\/wp-content\/uploads\/Slupetzky02_by_Julia_Maetzl-300x225.jpg 300w, https:\/\/www.k3-verein.at\/wp-content\/uploads\/Slupetzky02_by_Julia_Maetzl-768x576.jpg 768w, https:\/\/www.k3-verein.at\/wp-content\/uploads\/Slupetzky02_by_Julia_Maetzl-624x468.jpg 624w, https:\/\/www.k3-verein.at\/wp-content\/uploads\/Slupetzky02_by_Julia_Maetzl.jpg 1181w\" sizes=\"auto, (max-width: 1024px) 100vw, 1024px\" \/><\/figure>\n\n\n\n<figure class=\"wp-block-image\"><img loading=\"lazy\" decoding=\"async\" width=\"1024\" height=\"683\" src=\"https:\/\/www.k3-verein.at\/wp-content\/uploads\/Lepschi02_by_Julia_Maetzl-1024x683.jpg\" alt=\"\" class=\"wp-image-1377\" srcset=\"https:\/\/www.k3-verein.at\/wp-content\/uploads\/Lepschi02_by_Julia_Maetzl-1024x683.jpg 1024w, https:\/\/www.k3-verein.at\/wp-content\/uploads\/Lepschi02_by_Julia_Maetzl-300x200.jpg 300w, https:\/\/www.k3-verein.at\/wp-content\/uploads\/Lepschi02_by_Julia_Maetzl-768x512.jpg 768w, https:\/\/www.k3-verein.at\/wp-content\/uploads\/Lepschi02_by_Julia_Maetzl-624x416.jpg 624w, https:\/\/www.k3-verein.at\/wp-content\/uploads\/Lepschi02_by_Julia_Maetzl.jpg 1182w\" sizes=\"auto, (max-width: 1024px) 100vw, 1024px\" \/><figcaption>Stefan Slupetzky und Trio Lepschi by Julia Maetzl<\/figcaption><\/figure>\n\n\n\n<p>Davor und zu Beginn des Abends freuen wir uns auf die Autorin und Poetry-Slammerin <strong>Agnes Maier<\/strong>!<\/p>\n\n\n\n<figure class=\"wp-block-image\"><img loading=\"lazy\" decoding=\"async\" width=\"683\" height=\"1024\" src=\"https:\/\/www.k3-verein.at\/wp-content\/uploads\/F9C1740C-7708-480D-9F48-77585DF98237_1_105_c-683x1024.jpeg\" alt=\"\" class=\"wp-image-1376\" srcset=\"https:\/\/www.k3-verein.at\/wp-content\/uploads\/F9C1740C-7708-480D-9F48-77585DF98237_1_105_c-683x1024.jpeg 683w, https:\/\/www.k3-verein.at\/wp-content\/uploads\/F9C1740C-7708-480D-9F48-77585DF98237_1_105_c-200x300.jpeg 200w, https:\/\/www.k3-verein.at\/wp-content\/uploads\/F9C1740C-7708-480D-9F48-77585DF98237_1_105_c-624x936.jpeg 624w, https:\/\/www.k3-verein.at\/wp-content\/uploads\/F9C1740C-7708-480D-9F48-77585DF98237_1_105_c.jpeg 724w\" sizes=\"auto, (max-width: 683px) 100vw, 683px\" \/><figcaption>Agnes Maier<\/figcaption><\/figure>\n\n\n\n<p><strong>Stra\u00dfengler Herbstkl\u00e4nge 2023<\/strong><\/p>\n\n\n\n<p>Die werden heuer sehr kunterbunt: Ein Solist, ein Quartetttrio und ein Oktett. Solist ist der virtuose Gitarrist <strong>Mario Berger <\/strong>(endlich wieder einmal) mit einem in S\u00fcditalien verwurzelten Programm.<strong> Termin: Freitag, 10. November 2023<\/strong><\/p>\n\n\n\n<p>Das zweite Konzert bestreitet ein sehr spannendens Trio: Das Programm <strong>FLARMERIA <\/strong>verbindet Flamenco mir armenischen Kl\u00e4ngen: <strong>Rita Movsesian<\/strong> hat sich bereits in Baghdad (Irak), wo sie geboren und aufgewachsen ist, der Musik verschrieben. Der Schwerpunkt lag damals schon auf der armenischen und arabischen Musiktradition. Auch nach ihrem Umzug nach \u00d6ster\u00adreich blieb Musik f\u00fcr die Diaspora-Armenierin der Mittelpunkt ihres Lebens. Sie bildete ihre Stimme bei diversen namhaften Gesangsp\u00e4dagogInnen und am Salzburger Mozarteum in den Bereichen klassisch-westliche Musik und Jazz weiter. F\u00fcr Rita ist Musik ein Verbindungsglied zwischen den Kulturen in der heutigen globalisierten Welt. Nicht die Pflege musikalischer Traditionen, sondern die Suche nach neuen Ausdrucksweisen und dem universellen Charakter von Musik steht dabei im Mittelpunkt ihres Schaffens. Ritas Herzensangelegenheit ist die Musik Armeniens, Heimat ihrer Vorfahren, von wo sie vor mehr als hundert Jahren vertrieben worden waren und schlie\u00dflich im Irak Zuflucht gefunden haben. Die multikulturelle und mehrsprachige Sozialisation spiegelt sich in Ritas Musikschaffen wider; immer wieder versteht sie es, die Zuh\u00f6rer zu \u00fcberraschen und zu begeistern: Musik als v\u00f6lkerverbindende Botschaft und Utopie einer friedvollen, humanen Welt. Ihr zur Seite stehen:  <strong>Martin Kelner<\/strong> (Jazz- und Flamenco-Gitarre).  Er komponiert f\u00fcr Gitarre in den Stilrichtungen Jazz, Latin und  Flamenco, macht Musik f\u00fcr Film, Fernsehen (ARD, ORF, etc.), B\u00fchne (\u201eEn  camino\u201c, \u201eGoya Flamenco\u201c) und gibt Noten heraus (Weltmusik Verlag).  Daneben als a.o. Universit\u00e4tsprofessor f\u00fcr Akustikgitarre\/Popularmusik  seit 1996 am Institut f\u00fcr Popularmusik der Universit\u00e4t f\u00fcr Musik Wien  t\u00e4tig. ER gilt als einer der profundesten Flamenco-Gitarristen \u00d6sterreichs.  Dritter im Bundes ist der Percussionist  <strong>Amir Wahba.<\/strong> In Wien  geboren und aufgewachsen, fing er schon jung an klassische  Perkussion-Instrumente zu erlernen. Er war schon immer an den  unterschiedlichsten Musikstilen der Welt interessiert und widmete seine  Zeit dem Erlernen verschiedenster Hand Perkussion-Instrumenten. 2010 zog  er nach Rotterdam, um \u00bbWorld Percussion\u00ab  an der Universit\u00e4t der K\u00fcnste Codarts zu studieren. W\u00e4hrend seiner Zeit  in den Niederlanden lernte er unter anderem Jazz-, Brasilianische-,  Orientalische-, Latin- und Flamenco-Musik kennen. Zurzeit lebt er in  Berlin und Wien und tritt regelm\u00e4\u00dfig in verschiedenen L\u00e4ndern auf. <\/p>\n\n\n\n<p>Bereichert wird das musikalische Trio um  <strong>Rosa Parz<\/strong> (\u00d6sterreich\/Nicaragua), die \u00dcberg\u00e4nge zwischen Vergangenem und Gegenw\u00e4rtigem live malend auf ihrer Leinwand auslotet.  <\/p>\n\n\n\n<p>Donnerstag, 16. November 2023, 19 Uhr<\/p>\n\n\n\n<p>Der Bassist <strong>Max Kreuzer<\/strong> war schon \u00f6fter zu Besuch, etwa mit Quetschklampfa und dem Moritz Weiss Klezmer Ensemble. Damals war er noch Student, inzwischen hat der sein Studium an der KUG abgeschlossen und pr\u00e4sentiert uns seine Abschlussarbeit: Musik f\u00fcr ein Okttett. Termin: <strong>Mittwoch, 22. November, 19 Uhr<\/strong><\/p>\n\n\n\n<p><strong>K3 WEIHNACHTSKONZERT MIT DEN SCHICK SISTERS<\/strong><\/p>\n\n\n\n<p>&#8230; haben wir f\u00fcr den 13. Dezember auch bereits fixiert, Kartenpreis voraussichtlich Euro 25,-!<\/p>\n\n\n\n<p><\/p>\n\n\n\n<p><\/p>\n","protected":false},"excerpt":{"rendered":"<p>Spannend, wie schnell die Zeit vergeht. H\u00e4tten wir bei der Planung des heurigen Programms etwas mehr auf dieses Jubil\u00e4um R\u00fccksicht nehmen sollen? Nein, haben wir nicht, aber wir k\u00f6nnten es jederzeit so interpretieren. Was wir bereits an Fixpunkten haben, kann sich sehen lassen. Da w\u00e4re etwa am 15. Juni unser Literatur-Fixpunkt. Den k\u00f6nnte man insofern [&hellip;]<\/p>\n","protected":false},"author":1,"featured_media":0,"comment_status":"closed","ping_status":"closed","sticky":false,"template":"","format":"standard","meta":{"ngg_post_thumbnail":0,"footnotes":""},"categories":[1],"tags":[],"class_list":["post-1368","post","type-post","status-publish","format-standard","hentry","category-allgemein"],"_links":{"self":[{"href":"https:\/\/www.k3-verein.at\/index.php?rest_route=\/wp\/v2\/posts\/1368","targetHints":{"allow":["GET"]}}],"collection":[{"href":"https:\/\/www.k3-verein.at\/index.php?rest_route=\/wp\/v2\/posts"}],"about":[{"href":"https:\/\/www.k3-verein.at\/index.php?rest_route=\/wp\/v2\/types\/post"}],"author":[{"embeddable":true,"href":"https:\/\/www.k3-verein.at\/index.php?rest_route=\/wp\/v2\/users\/1"}],"replies":[{"embeddable":true,"href":"https:\/\/www.k3-verein.at\/index.php?rest_route=%2Fwp%2Fv2%2Fcomments&post=1368"}],"version-history":[{"count":6,"href":"https:\/\/www.k3-verein.at\/index.php?rest_route=\/wp\/v2\/posts\/1368\/revisions"}],"predecessor-version":[{"id":1381,"href":"https:\/\/www.k3-verein.at\/index.php?rest_route=\/wp\/v2\/posts\/1368\/revisions\/1381"}],"wp:attachment":[{"href":"https:\/\/www.k3-verein.at\/index.php?rest_route=%2Fwp%2Fv2%2Fmedia&parent=1368"}],"wp:term":[{"taxonomy":"category","embeddable":true,"href":"https:\/\/www.k3-verein.at\/index.php?rest_route=%2Fwp%2Fv2%2Fcategories&post=1368"},{"taxonomy":"post_tag","embeddable":true,"href":"https:\/\/www.k3-verein.at\/index.php?rest_route=%2Fwp%2Fv2%2Ftags&post=1368"}],"curies":[{"name":"wp","href":"https:\/\/api.w.org\/{rel}","templated":true}]}}