{"id":1383,"date":"2023-08-25T10:07:41","date_gmt":"2023-08-25T08:07:41","guid":{"rendered":"https:\/\/www.k3-verein.at\/?p=1383"},"modified":"2023-08-28T09:57:05","modified_gmt":"2023-08-28T07:57:05","slug":"strassengler-herbstklaenge-2023","status":"publish","type":"post","link":"https:\/\/www.k3-verein.at\/?p=1383","title":{"rendered":"Stra\u00dfengler Herbstkl\u00e4nge 2023"},"content":{"rendered":"<p>Alle Konzerte finden mit der Beginnzeit 19 Uhr in der Stra\u00dfengler Halle statt (direkt neben dem Verwaltungszentrum der Marktgemeinde Gratwein-Stra\u00dfengel.<\/p>\n<p>Kartenpreis je Konzert: 10 Euro<br><!--StartFragment--><\/p>\n<p>Kartenverkauf: Verkauf nur an der Abendkasse, aber gerne nehmen wir verbindliche Reservierungen entgegen, und zwar unter:<\/p>\n<p>E-Mail: info@k3-verein.at<\/p>\n<p>Whatsapp\/SMS: 0664 4170149<\/p>\n\n\n<p><strong>Stra\u00dfengler Herbstkl\u00e4nge 2023<\/strong><\/p>\n\n\n\n<p><\/p>\n\n\n\n<p><strong>Konzert 1: Mario Berger, Freitag, 10. November 2023, 19 Uhr<\/strong><\/p>\n\n\n\n<p>Als Solist ist der virtuose Gitarrist <strong>Mario Berger <\/strong>(endlich wieder einmal) mit einem in S\u00fcditalien verwurzelten Programm zu Gast.<strong> <\/strong>Nach dem Studium der klassischen Gitarre verschlug es Mario Berger zur legend\u00e4ren Hallucination Company, dann holte ihn Reinhard Fendrich in seine Band, Wolfgang Ambros und Georg Danzer folgten. Vor etlichen Jahren h\u00e4ngte er die E-Gitarre wieder an den Nagel um sich wieder ganz der akustischen Gitarre zu widmen. Aktuell tourt er mit dem Programm Manduria h\u00f6chst erfolgreich durch \u00d6sterreich. Was seine Musik besonders reizvoll macht: Flamenco, Fado, Latin, Klassik und etwas Jazz vereinigen sich zu einem ganz eigenen Berger-Stil. <\/p>\n\n\n\n<figure class=\"wp-block-image\"><img loading=\"lazy\" decoding=\"async\" width=\"1024\" height=\"683\" src=\"https:\/\/www.k3-verein.at\/wp-content\/uploads\/mariobeger_AndreasMueller-1024x683.jpg\" alt=\"\" class=\"wp-image-1392\" srcset=\"https:\/\/www.k3-verein.at\/wp-content\/uploads\/mariobeger_AndreasMueller-1024x683.jpg 1024w, https:\/\/www.k3-verein.at\/wp-content\/uploads\/mariobeger_AndreasMueller-300x200.jpg 300w, https:\/\/www.k3-verein.at\/wp-content\/uploads\/mariobeger_AndreasMueller-768x512.jpg 768w, https:\/\/www.k3-verein.at\/wp-content\/uploads\/mariobeger_AndreasMueller-624x416.jpg 624w\" sizes=\"auto, (max-width: 1024px) 100vw, 1024px\" \/><figcaption>Mario Berger, (Foto: Andreas Mueller)<\/figcaption><\/figure>\n\n\n\n<p><strong>Konzert 2: Flarmeria, Donnerstag, 16.11.2023, 19 Uhr<\/strong><\/p>\n\n\n\n<p>Ein Quartettrio? Ja, das ist eine fragw\u00fcrdige Wortsch\u00f6pfung unsererseits. Das zweite Konzert bestreitet ein sehr spannendens Trio:  <strong>FLARMENIA <\/strong>verbindet Flamenco mit armenischen Kl\u00e4ngen: <strong>Rita Movsesian<\/strong> hat sich bereits in Baghdad (Irak), wo sie geboren und aufgewachsen ist, der Musik verschrieben. Der Schwerpunkt lag damals schon auf der armenischen und arabischen Musiktradition. Auch nach ihrem Umzug nach \u00d6ster\u00adreich blieb Musik f\u00fcr die Diaspora-Armenierin der Mittelpunkt ihres Lebens. Sie bildete ihre Stimme bei diversen namhaften Gesangsp\u00e4dagogInnen und am Salzburger Mozarteum in den Bereichen klassisch-westliche Musik und Jazz weiter. F\u00fcr Rita ist Musik ein Verbindungsglied zwischen den Kulturen in der heutigen globalisierten Welt. Nicht die Pflege musikalischer Traditionen, sondern die Suche nach neuen Ausdrucksweisen und dem universellen Charakter von Musik steht dabei im Mittelpunkt ihres Schaffens. Ritas Herzensangelegenheit ist die Musik Armeniens, Heimat ihrer Vorfahren, von wo sie vor mehr als hundert Jahren vertrieben worden waren und schlie\u00dflich im Irak Zuflucht gefunden haben. Die multikulturelle und mehrsprachige Sozialisation spiegelt sich in Ritas Musikschaffen wider; immer wieder versteht sie es, die Zuh\u00f6rer zu \u00fcberraschen und zu begeistern: Musik als v\u00f6lkerverbindende Botschaft und Utopie einer friedvollen, humanen Welt. Ende August erhielt Rita den \u201eMunir Bashir Cultural Award\u201c daf\u00fcr, \u00fcber 25 Jahre lang f\u00fcr die Kulturvermittlung zwischen Ost und West sowohl als S\u00e4ngerin als auch als Kulturveranstalterin. Ihr zur Seite stehen:  <strong>Martin Kelner<\/strong> (Jazz- und Flamenco-Gitarre).  Er komponiert f\u00fcr Gitarre in den Stilrichtungen Jazz, Latin und  Flamenco, macht Musik f\u00fcr Film, Fernsehen (ARD, ORF, etc.), B\u00fchne (\u201eEn  camino\u201c, \u201eGoya Flamenco\u201c) und gibt Noten heraus (Weltmusik Verlag).  Daneben als a.o. Universit\u00e4tsprofessor f\u00fcr Akustikgitarre\/Popularmusik  seit 1996 am Institut f\u00fcr Popularmusik der Universit\u00e4t f\u00fcr Musik Wien  t\u00e4tig. ER gilt als einer der profundesten Flamenco-Gitarristen \u00d6sterreichs.  Dritter im Bundes ist der Percussionist  <strong>Amir Wahba.<\/strong> In Wien  geboren und aufgewachsen, fing er schon jung an klassische  Perkussion-Instrumente zu erlernen. Er war schon immer an den  unterschiedlichsten Musikstilen der Welt interessiert und widmete seine  Zeit dem Erlernen verschiedenster Hand Perkussion-Instrumenten. 2010 zog  er nach Rotterdam, um \u00bbWorld Percussion\u00ab  an der Universit\u00e4t der K\u00fcnste Codarts zu studieren. W\u00e4hrend seiner Zeit  in den Niederlanden lernte er unter anderem Jazz-, Brasilianische-,  Orientalische-, Latin- und Flamenco-Musik kennen. Zurzeit lebt er in  Berlin und Wien und tritt regelm\u00e4\u00dfig in verschiedenen L\u00e4ndern auf. <\/p>\n\n\n\n<p>Bereichert wird das musikalische Trio um  <strong>Rosa Parz<\/strong> (\u00d6sterreich\/Nicaragua), die \u00dcberg\u00e4nge zwischen Vergangenem und Gegenw\u00e4rtigem live malend auf ihrer Leinwand auslotet.  Womit das Quartettrio erkl\u00e4rt w\u00e4re &#8230;<\/p>\n\n\n\n<figure class=\"wp-block-image\"><img loading=\"lazy\" decoding=\"async\" width=\"870\" height=\"580\" src=\"https:\/\/www.k3-verein.at\/wp-content\/uploads\/Flarmenia.jpg\" alt=\"\" class=\"wp-image-1395\" srcset=\"https:\/\/www.k3-verein.at\/wp-content\/uploads\/Flarmenia.jpg 870w, https:\/\/www.k3-verein.at\/wp-content\/uploads\/Flarmenia-300x200.jpg 300w, https:\/\/www.k3-verein.at\/wp-content\/uploads\/Flarmenia-768x512.jpg 768w, https:\/\/www.k3-verein.at\/wp-content\/uploads\/Flarmenia-624x416.jpg 624w\" sizes=\"auto, (max-width: 870px) 100vw, 870px\" \/><figcaption>Rita Movsesian<\/figcaption><\/figure>\n\n\n\n<figure class=\"wp-block-image\"><img loading=\"lazy\" decoding=\"async\" width=\"1024\" height=\"895\" src=\"https:\/\/www.k3-verein.at\/wp-content\/uploads\/Martin-Kelner2-1-1024x895.jpg\" alt=\"\" class=\"wp-image-1396\" srcset=\"https:\/\/www.k3-verein.at\/wp-content\/uploads\/Martin-Kelner2-1-1024x895.jpg 1024w, https:\/\/www.k3-verein.at\/wp-content\/uploads\/Martin-Kelner2-1-300x262.jpg 300w, https:\/\/www.k3-verein.at\/wp-content\/uploads\/Martin-Kelner2-1-768x671.jpg 768w, https:\/\/www.k3-verein.at\/wp-content\/uploads\/Martin-Kelner2-1-624x545.jpg 624w, https:\/\/www.k3-verein.at\/wp-content\/uploads\/Martin-Kelner2-1.jpg 1601w\" sizes=\"auto, (max-width: 1024px) 100vw, 1024px\" \/><figcaption>Martin Kelner<\/figcaption><\/figure>\n\n\n\n<figure class=\"wp-block-image\"><img loading=\"lazy\" decoding=\"async\" width=\"683\" height=\"1024\" src=\"https:\/\/www.k3-verein.at\/wp-content\/uploads\/Amir-Wahba\u00a9-Georg-Cizek-Graf-1-683x1024.jpg\" alt=\"\" class=\"wp-image-1397\" srcset=\"https:\/\/www.k3-verein.at\/wp-content\/uploads\/Amir-Wahba\u00a9-Georg-Cizek-Graf-1-683x1024.jpg 683w, https:\/\/www.k3-verein.at\/wp-content\/uploads\/Amir-Wahba\u00a9-Georg-Cizek-Graf-1-200x300.jpg 200w, https:\/\/www.k3-verein.at\/wp-content\/uploads\/Amir-Wahba\u00a9-Georg-Cizek-Graf-1-768x1152.jpg 768w, https:\/\/www.k3-verein.at\/wp-content\/uploads\/Amir-Wahba\u00a9-Georg-Cizek-Graf-1-624x936.jpg 624w, https:\/\/www.k3-verein.at\/wp-content\/uploads\/Amir-Wahba\u00a9-Georg-Cizek-Graf-1.jpg 1365w\" sizes=\"auto, (max-width: 683px) 100vw, 683px\" \/><figcaption>Amir Wahba (Foto: Georg Cizek-Graf)<\/figcaption><\/figure>\n\n\n\n<figure class=\"wp-block-image\"><img loading=\"lazy\" decoding=\"async\" width=\"401\" height=\"589\" src=\"https:\/\/www.k3-verein.at\/wp-content\/uploads\/Rosa-Parz.jpg\" alt=\"\" class=\"wp-image-1384\" srcset=\"https:\/\/www.k3-verein.at\/wp-content\/uploads\/Rosa-Parz.jpg 401w, https:\/\/www.k3-verein.at\/wp-content\/uploads\/Rosa-Parz-204x300.jpg 204w\" sizes=\"auto, (max-width: 401px) 100vw, 401px\" \/><figcaption>Rosa Parz<\/figcaption><\/figure>\n\n\n\n<p><strong>Konzert 3: Max Kreuzer Oktett, Mittwoch, 22. November 2023, 19 Uhr,<\/strong><\/p>\n\n\n\n<p><br><\/p>\n\n\n\n<p>Der Bassist <strong>Max Kreuzer<\/strong> war schon \u00f6fter zu Besuch, etwa mit Quetschklampfa und dem Moritz Weiss Klezmer Ensemble. Damals war er noch Student, inzwischen hat der sein Studium an der KUG abgeschlossen und pr\u00e4sentiert uns seine Abschlussarbeit: Musik f\u00fcr ein Oktett. <\/p>\n\n\n\n<p>Wenn Tuba, Posaune\nund Kontrabass Tieffrequentes ausloten, wenn Fl\u00f6te, Klavier und Bassklarinette\nengmaschige Teppiche weben und wenn Schlagzeug und Violine fein konturieren,\ndann ist die kompositorische Feder von Maximilian Kreuzer nicht weit.<\/p>\n\n\n\n<p>War es einst Gil\nEvans, der die Musik Miles Davis\u2018 in neue Sph\u00e4ren f\u00fchrte und war es ein\ngewisser Charles Mingus, der der Jazzwelt gezeigt hat, wo der Bartel den Most\nherholt, so stellt sich der junge steirische Kontrabassist und Arrangeur in\ndiese Tradition und f\u00fchrt sie fort. So wird der Jazz der 50er-Jahre mit einer\nPrise Kammermusik gew\u00fcrzt, Poppiges mit freier Improvisation verfeinert und\nMinimal Music geschmackvoll mit modern-offenen und nicht selten\nweltmusikalischen Jazzstr\u00f6mungen angereichert. Konkretes reiht sich an\nAbstraktes, Bebopklassiker an Eigenkompositionen, Improvisation an Komposition.\nDas T\u00fcpfelchen auf dem I: acht musikalische Freund*innen, die das Oktett zu dem\nmachen, was es ist: Einheit in Vielfalt &#8211; musikalisch wie menschlich.&nbsp;<\/p>\n\n\n\n<p>Besetzung:\n<\/p>\n\n\n\n<p>Maximilian\nKreuzer &#8211; Kontrabass, Komposition &amp; Arrangement<\/p>\n\n\n\n<p>Jonathan\nHerrgesell &#8211; Saxophon, Fl\u00f6te &amp; Klarinette<\/p>\n\n\n\n<p>Albin\nKrieger &#8211; Violine<\/p>\n\n\n\n<p>Anna Gollien \u2013\nBassklarinette &amp; Klarinette<\/p>\n\n\n\n<p>Simon Kintopp &#8211;\nPosaune<\/p>\n\n\n\n<p>Florian\nWiedner &#8211; Tuba &amp; Kontrabassposaune <\/p>\n\n\n\n<p>Lukas\nMeissl &#8211; Klavier<\/p>\n\n\n\n<p>Andreas\nReisenhofer \u2013 Schlagzeug<\/p>\n\n\n\n<h2 class=\"wp-block-heading\">K3 Weihnachtskonzert mit den SCHICK SISTERS<\/h2>\n\n\n\n<p>&#8230; haben wir f\u00fcr den 13. Dezember auch bereits fixiert, Kartenpreis Euro 25,-!<\/p>\n\n\n<p><!--EndFragment--><\/p>\n<p><\/p>","protected":false},"excerpt":{"rendered":"<p>Alle Konzerte finden mit der Beginnzeit 19 Uhr in der Stra\u00dfengler Halle statt (direkt neben dem Verwaltungszentrum der Marktgemeinde Gratwein-Stra\u00dfengel. Kartenpreis je Konzert: 10 Euro Kartenverkauf: Verkauf nur an der Abendkasse, aber gerne nehmen wir verbindliche Reservierungen entgegen, und zwar unter: E-Mail: info@k3-verein.at Whatsapp\/SMS: 0664 4170149 Stra\u00dfengler Herbstkl\u00e4nge 2023 Konzert 1: Mario Berger, Freitag, 10. [&hellip;]<\/p>\n","protected":false},"author":1,"featured_media":0,"comment_status":"closed","ping_status":"closed","sticky":false,"template":"","format":"standard","meta":{"ngg_post_thumbnail":0,"footnotes":""},"categories":[1],"tags":[],"class_list":["post-1383","post","type-post","status-publish","format-standard","hentry","category-allgemein"],"_links":{"self":[{"href":"https:\/\/www.k3-verein.at\/index.php?rest_route=\/wp\/v2\/posts\/1383","targetHints":{"allow":["GET"]}}],"collection":[{"href":"https:\/\/www.k3-verein.at\/index.php?rest_route=\/wp\/v2\/posts"}],"about":[{"href":"https:\/\/www.k3-verein.at\/index.php?rest_route=\/wp\/v2\/types\/post"}],"author":[{"embeddable":true,"href":"https:\/\/www.k3-verein.at\/index.php?rest_route=\/wp\/v2\/users\/1"}],"replies":[{"embeddable":true,"href":"https:\/\/www.k3-verein.at\/index.php?rest_route=%2Fwp%2Fv2%2Fcomments&post=1383"}],"version-history":[{"count":8,"href":"https:\/\/www.k3-verein.at\/index.php?rest_route=\/wp\/v2\/posts\/1383\/revisions"}],"predecessor-version":[{"id":1399,"href":"https:\/\/www.k3-verein.at\/index.php?rest_route=\/wp\/v2\/posts\/1383\/revisions\/1399"}],"wp:attachment":[{"href":"https:\/\/www.k3-verein.at\/index.php?rest_route=%2Fwp%2Fv2%2Fmedia&parent=1383"}],"wp:term":[{"taxonomy":"category","embeddable":true,"href":"https:\/\/www.k3-verein.at\/index.php?rest_route=%2Fwp%2Fv2%2Fcategories&post=1383"},{"taxonomy":"post_tag","embeddable":true,"href":"https:\/\/www.k3-verein.at\/index.php?rest_route=%2Fwp%2Fv2%2Ftags&post=1383"}],"curies":[{"name":"wp","href":"https:\/\/api.w.org\/{rel}","templated":true}]}}