{"id":1407,"date":"2024-02-13T20:21:00","date_gmt":"2024-02-13T19:21:00","guid":{"rendered":"https:\/\/www.k3-verein.at\/?p=1407"},"modified":"2024-06-26T09:34:03","modified_gmt":"2024-06-26T07:34:03","slug":"programm-2024","status":"publish","type":"post","link":"https:\/\/www.k3-verein.at\/?p=1407","title":{"rendered":"Programm 2024"},"content":{"rendered":"\n<p>Eigentlich ist unser Programm f\u00fcr 2024 ja schon ein Zeitl fertig. Also dringend Zeit f\u00fcr einen groben \u00dcberblick:<\/p>\n\n\n\n<p>Unsere Literatur\/Lesungsagenden haben wir an das Generationenhaus samt Gemeindebibliothek abgetreten. Die Location ist perfekt und das Team braucht uns nicht als Veranstalter. Als &#8222;Ersatz&#8220; bleiben wir literarisch, aber dann doch mit Schauspiel und Musik verbunden. Musiktheater eben. Und das gibt unseren ersten Programmpunkt im heurigen Jahr am 24. Mai. Wir pr\u00e4sentieren: <\/p>\n\n\n\n<p><strong>DER KLEINE PRINZ<\/strong><\/p>\n\n\n\n<figure class=\"wp-block-image\"><img loading=\"lazy\" decoding=\"async\" width=\"1024\" height=\"683\" src=\"https:\/\/www.k3-verein.at\/wp-content\/uploads\/DerkleinePrinz_02-1024x683.jpg\" alt=\"\" class=\"wp-image-1408\" srcset=\"https:\/\/www.k3-verein.at\/wp-content\/uploads\/DerkleinePrinz_02-1024x683.jpg 1024w, https:\/\/www.k3-verein.at\/wp-content\/uploads\/DerkleinePrinz_02-300x200.jpg 300w, https:\/\/www.k3-verein.at\/wp-content\/uploads\/DerkleinePrinz_02-768x512.jpg 768w, https:\/\/www.k3-verein.at\/wp-content\/uploads\/DerkleinePrinz_02-624x416.jpg 624w\" sizes=\"auto, (max-width: 1024px) 100vw, 1024px\" \/><\/figure>\n\n\n\n<p>Und das 2x: Einmal vormittags als Schulvorstellung f\u00fcr die NMS Gratwein und das BG Rein. Ein weiteres Mal um 19 Uhr f\u00fcr den fantisieverliebten Rest der Welt. <\/p>\n\n\n\n<p><strong>Ort <\/strong>(wegen der besseren Erreichbarkeit f\u00fcr die Schulen): <br>Mehrzweckhalle Gratwein<\/p>\n\n\n\n<p><strong>Das k\u00fcnstlerische Team: <\/strong>Ensemble 21 &#8211; bestehend aus Rita Hatzmann-Luksch (SChauspiel), Amelie Persch\u00e9 (Schauspiel, Bratsche, Gesang) und Georg O. Luksch (Musik). Im B\u00fchnenhintergrund: Erich Heyduck, Experimentalfilmer)<\/p>\n\n\n\n<p><strong>Zur Erinnerung: <\/strong>Das Duo Rita &amp; Georg hatten wir schon mit einem Programm zu Cissy Kraner und Hugo Wiener zu Gast!<\/p>\n\n\n\n<p><strong>Karten: <\/strong>wie geowohnt 10 Euro f\u00fcr die ABendvorstellung, Reservierung unter info@k3-verein.at bzw. Abendkassa!<\/p>\n\n\n\n<p class=\"has-large-font-size\"><strong>STRASSENGLER HERBSTKL\u00c4NGE 2024<\/strong><\/p>\n\n\n\n<p>Mit unseren Herbstkl\u00e4ngen begeben wir uns im November auf eine kleine Weltreise. <br>Stationen: Asien &#8211; Orient &#8211; S\u00fcdamerika.<\/p>\n\n\n\n<p><strong>Donnerstag, 7.11.2024, 19 Uhr<br>Endrina Rosales Sextett<\/strong><\/p>\n\n\n\n<p>Endrina ist Quasi Nachbarin, lebt sie doch in Gratkorn, auch Hamlet Fiorilli hatten wir schon mal zu Gast und Percussion-Urgestein Ismael Barrios sowieso.<\/p>\n\n\n\n<p>Endrina Rosales- flute, leadvoc, perc. <br>Hamlet Fiorilli, keys <br>Maximilian Ranzinger, bass <br>Harald Tanschek, drums <br>Ismael Barrios, perc. <br><strong>Special Guest<\/strong>: Gerhard Ornig, trompete <\/p>\n\n\n\n<p>Ort: Stra\u00dfengler Halle<br> Beginnzeit: 19 Uhr<br> Kartenpreis: 10 Euro<\/p>\n\n\n\n<p><strong>Donnerstag, 14.11.2024, 19 Uhr<br> \u201eEchoes from Armenia\u201c<\/strong><br>Rita war 2023 zu Gast und wir baten sie um ein weiteres Konzert f\u00fcr 2024, am liebsten mit Karen Asatrian, der ein ganz wesentlicher Treiber der K\u00e4rntner Weltmusikszene ist und Juan Carlos sollte man im Gro\u00dfraum von Graz sowieso kennen. Emil, ein gaaanz toller Drummer, war auch schon mal da &#8230;<br><\/p>\n\n\n\n<p>Karen Asatrian,\nJuan Carlos Sungurlian, Rita Movsesian, Emil Kristof<\/p>\n\n\n\n<p>Ort: Stra\u00dfengler\nHalle<br>\nBeginnzeit: 19 Uhr<br>\nKartenpreis: 10 Euro<\/p>\n\n\n\n<p><strong>Donnerstag, 21.11.2024, 19 Uhr<br> Klaus Falschlunger, Sitar &amp; Zoltan Lanos, Trompete<\/strong><br>DAs gibt jetzt den Asien-Konnex: Die Sitar geh\u00f6rt, wenn auch von einem \u00d6sterreicher gespielt, nach Indien. Damit das nicht zu traditionell wird, kommt Zoltan dazu, der an seine Violine allerlei elektronischen Schabernak ansteckt. Und zu Erinnerung: Ungarn gleich &#8222;Zigeunermusik&#8220; (wenn man das noch sagen darf, sonst halt Sinti) und diese Musik hat &#8230; indische Wurzeln.<br><\/p>\n\n\n\n<p>Ort: Stra\u00dfengler\nHalle<br>\nBeginnzeit: 19 Uhr<br>\nKartenpreis: 10 Euro<\/p>\n\n\n\n<p><br><\/p>\n\n\n\n<p><\/p>\n\n\n\n<p><\/p>\n","protected":false},"excerpt":{"rendered":"<p>Eigentlich ist unser Programm f\u00fcr 2024 ja schon ein Zeitl fertig. Also dringend Zeit f\u00fcr einen groben \u00dcberblick: Unsere Literatur\/Lesungsagenden haben wir an das Generationenhaus samt Gemeindebibliothek abgetreten. Die Location ist perfekt und das Team braucht uns nicht als Veranstalter. Als &#8222;Ersatz&#8220; bleiben wir literarisch, aber dann doch mit Schauspiel und Musik verbunden. Musiktheater eben. [&hellip;]<\/p>\n","protected":false},"author":1,"featured_media":0,"comment_status":"closed","ping_status":"closed","sticky":false,"template":"","format":"standard","meta":{"ngg_post_thumbnail":0,"footnotes":""},"categories":[1],"tags":[],"class_list":["post-1407","post","type-post","status-publish","format-standard","hentry","category-allgemein"],"_links":{"self":[{"href":"https:\/\/www.k3-verein.at\/index.php?rest_route=\/wp\/v2\/posts\/1407","targetHints":{"allow":["GET"]}}],"collection":[{"href":"https:\/\/www.k3-verein.at\/index.php?rest_route=\/wp\/v2\/posts"}],"about":[{"href":"https:\/\/www.k3-verein.at\/index.php?rest_route=\/wp\/v2\/types\/post"}],"author":[{"embeddable":true,"href":"https:\/\/www.k3-verein.at\/index.php?rest_route=\/wp\/v2\/users\/1"}],"replies":[{"embeddable":true,"href":"https:\/\/www.k3-verein.at\/index.php?rest_route=%2Fwp%2Fv2%2Fcomments&post=1407"}],"version-history":[{"count":3,"href":"https:\/\/www.k3-verein.at\/index.php?rest_route=\/wp\/v2\/posts\/1407\/revisions"}],"predecessor-version":[{"id":1418,"href":"https:\/\/www.k3-verein.at\/index.php?rest_route=\/wp\/v2\/posts\/1407\/revisions\/1418"}],"wp:attachment":[{"href":"https:\/\/www.k3-verein.at\/index.php?rest_route=%2Fwp%2Fv2%2Fmedia&parent=1407"}],"wp:term":[{"taxonomy":"category","embeddable":true,"href":"https:\/\/www.k3-verein.at\/index.php?rest_route=%2Fwp%2Fv2%2Fcategories&post=1407"},{"taxonomy":"post_tag","embeddable":true,"href":"https:\/\/www.k3-verein.at\/index.php?rest_route=%2Fwp%2Fv2%2Ftags&post=1407"}],"curies":[{"name":"wp","href":"https:\/\/api.w.org\/{rel}","templated":true}]}}