{"id":1412,"date":"2024-06-12T07:41:26","date_gmt":"2024-06-12T05:41:26","guid":{"rendered":"https:\/\/www.k3-verein.at\/?p=1412"},"modified":"2024-11-20T16:56:05","modified_gmt":"2024-11-20T15:56:05","slug":"16-strassengler-herbstklaenge-2024","status":"publish","type":"post","link":"https:\/\/www.k3-verein.at\/?p=1412","title":{"rendered":"16. Stra\u00dfengler Herbstkl\u00e4nge 2024"},"content":{"rendered":"\n<p>Mit unseren Herbstkl\u00e4ngen begeben wir uns im November auf eine kleine Weltreise. <br>Stationen: Asien \u2013 Orient \u2013 S\u00fcdamerika.<\/p>\n\n\n\n<p class=\"has-background has-medium-font-size has-vivid-red-background-color\"><strong>KURZFRISTIGE RESERVIERUNGEN BITTE DIREKT TELEFONISCH UNTER 0664 41 70 149!<\/strong><\/p>\n\n\n\n<p><strong>Donnerstag, 7.11.2024, 19 Uhr<br>Endrina Rosales Sextett<\/strong><\/p>\n\n\n\n<figure class=\"wp-block-image\"><img loading=\"lazy\" decoding=\"async\" width=\"1024\" height=\"627\" src=\"https:\/\/www.k3-verein.at\/wp-content\/uploads\/endrina-1024x627.jpg\" alt=\"\" class=\"wp-image-1420\" srcset=\"https:\/\/www.k3-verein.at\/wp-content\/uploads\/endrina-1024x627.jpg 1024w, https:\/\/www.k3-verein.at\/wp-content\/uploads\/endrina-300x184.jpg 300w, https:\/\/www.k3-verein.at\/wp-content\/uploads\/endrina-768x471.jpg 768w, https:\/\/www.k3-verein.at\/wp-content\/uploads\/endrina-624x382.jpg 624w\" sizes=\"auto, (max-width: 1024px) 100vw, 1024px\" \/><\/figure>\n\n\n\n<p>Endrina ist Quasi Nachbarin, lebt sie doch in Gratkorn, auch Hamlet \nFiorilli hatten wir schon mal zu Gast und Percussion-Urgestein Ismael \nBarrios sowieso.<\/p>\n\n\n\n<p>Endrina Rosales- flute, leadvoc, perc. <br>Hamlet Fiorilli, keys <br>Maximilian Ranzinger, bass <br>Harald Tanschek, drums <br>Ismael Barrios, perc. <br><br><\/p>\n\n\n\n<p>Ort: Stra\u00dfengler Halle<br> Beginnzeit: 19 Uhr<br> Kartenpreis: 10 Euro<\/p>\n\n\n\n<p><strong>Donnerstag, 14.11.2024, 19 Uhr<br> \u201eEchoes from Armenia\u201c<\/strong><br><\/p>\n\n\n\n<p><strong><em>Eine musikalische Reise in ein niemals verlorenes Land.<\/em><\/strong><\/p>\n\n\n\n<figure class=\"wp-block-image\"><img loading=\"lazy\" decoding=\"async\" width=\"900\" height=\"299\" src=\"https:\/\/www.k3-verein.at\/wp-content\/uploads\/echoes-from-armenia.jpg\" alt=\"\" class=\"wp-image-1414\" srcset=\"https:\/\/www.k3-verein.at\/wp-content\/uploads\/echoes-from-armenia.jpg 900w, https:\/\/www.k3-verein.at\/wp-content\/uploads\/echoes-from-armenia-300x100.jpg 300w, https:\/\/www.k3-verein.at\/wp-content\/uploads\/echoes-from-armenia-768x255.jpg 768w, https:\/\/www.k3-verein.at\/wp-content\/uploads\/echoes-from-armenia-624x207.jpg 624w\" sizes=\"auto, (max-width: 900px) 100vw, 900px\" \/><\/figure>\n\n\n\n<p>Armenien bedeutet\nLeben \u2013 unter widrigen Umst\u00e4nden, \u00fcber Jahrhunderte hinweg. Lebendigkeit und\nLebenskraft, das ist die Botschaft einer Nation am Ende der Welt, die Botschaft\nvon Menschen, die Internationalit\u00e4t immer schon gelebt haben und den V\u00f6lkermord\nvor etwa 109 Jahren erleiden mussten. Doch das Leben geht weiter, mit\nVerantwortung und Liebe f\u00fcr die Kultur, hier und jetzt.<\/p>\n\n\n\n<p>Die Gruppe \u201eEchoes from Armenia\u201c ist eine international besetzte Band rund um die Vokalistin <strong>Rita Movsesian<\/strong> und den Pianisten und Komponisten <strong>Karen Asatrian<\/strong>. Ihre Musik sch\u00f6pft aus dem reichen Fundus der armenischen Volksmusik, stellt Bez\u00fcge zu Kompositionen von Sayat Nova und Komitas her und entwickelt daraus eine eigene, unverwechselbare und zeitgen\u00f6ssische Klangsprache. Moderne Kompositionen des in Klagenfurt lebenden armenischen Jazzkomponisten Karen Asatrian bereichern das gesamte Programm.<\/p>\n\n\n\n<p><strong>Juan Carlos Sungurlian<\/strong>, geboren in Montevideo, Uruguay, ist sowohl klassischer als auch Jazz-Gitarrist, sowie Spieler der Oud (orientalische Laute) und Bouzouki (griechisches Saiteninstrument). Sein multikultureller Hintergrund ist vermutlich der Grund f\u00fcr sein leidenschaftliches Interesse an vielen verschiedenen Kulturen und Traditionen. Mit den groovigen Rhythmen des Klagenfurter Schlagzeugers und Kulturschaffenden <strong>Emil Kristof <\/strong>rundet sich das einzigartige musikalische Konzept der Gruppe ab.<\/p>\n\n\n\n<p>Karen Asatrians\nKompositionen sind musikalische Erkundungen zwischen orientalischer Melodik und\nabendl\u00e4ndischer Harmonik, getragen von einer treibenden und kraftvollen\nRhythmik. Rita Movsesian fasziniert das Publikum mit ihrer ausdrucksvollen\nStimme und authentischen Ausstrahlung, mit der sie in ihren auf Armenisch und\nArabisch vorgetragenen Liedern von Liebe und Leidenschaft, von Sehnsucht und\nUnerreichbarkeit, von Freude und Leid erz\u00e4hlt.<\/p>\n\n\n\n<p>\u201eEchoes from\nArmenia\u201c bietet eine reichhaltige und lustvolle musikalische Entdeckungsreise\nmit den musikalischen Koordinaten von oriental, okzidental, vokal, instrumental\nund international.<\/p>\n\n\n\n<p>Ort: Stra\u00dfengler\nHalle<br>\nBeginnzeit: 19 Uhr<br>\nKartenpreis: 10 Euro<\/p>\n\n\n\n<p><strong>Donnerstag, 21.11.2024, 19 Uhr<br>Klaus Falschlunger, Sitar &amp; Zoltan Lantos, Violine<\/strong><br><\/p>\n\n\n\n<figure class=\"wp-block-image\"><img loading=\"lazy\" decoding=\"async\" width=\"800\" height=\"412\" src=\"https:\/\/www.k3-verein.at\/wp-content\/uploads\/Doppelfoto.jpg\" alt=\"\" class=\"wp-image-1415\" srcset=\"https:\/\/www.k3-verein.at\/wp-content\/uploads\/Doppelfoto.jpg 800w, https:\/\/www.k3-verein.at\/wp-content\/uploads\/Doppelfoto-300x155.jpg 300w, https:\/\/www.k3-verein.at\/wp-content\/uploads\/Doppelfoto-768x396.jpg 768w, https:\/\/www.k3-verein.at\/wp-content\/uploads\/Doppelfoto-624x321.jpg 624w\" sizes=\"auto, (max-width: 800px) 100vw, 800px\" \/><\/figure>\n\n\n\n<p>Das  gibt jetzt den Asien-Konnex: Die Sitar geh\u00f6rt, wenn auch von einem  \u00d6sterreicher gespielt, nach Indien. Damit das nicht zu traditionell  wird, kommt Zoltan dazu, der an seine Violine allerlei elektronischen  Schabernak ansteckt. Und zu Erinnerung: Ungarn gleich \u201eZigeunermusik\u201c  (wenn man das noch sagen darf, sonst halt Sinti) und diese Musik hat \u2026  indische Wurzeln.<br><\/p>\n\n\n\n<p>Ort: Stra\u00dfengler\nHalle<br>\nBeginnzeit: 19 Uhr<br>\nKartenpreis: 10 Euro<\/p>\n","protected":false},"excerpt":{"rendered":"<p>Mit unseren Herbstkl\u00e4ngen begeben wir uns im November auf eine kleine Weltreise. Stationen: Asien \u2013 Orient \u2013 S\u00fcdamerika. KURZFRISTIGE RESERVIERUNGEN BITTE DIREKT TELEFONISCH UNTER 0664 41 70 149! Donnerstag, 7.11.2024, 19 UhrEndrina Rosales Sextett Endrina ist Quasi Nachbarin, lebt sie doch in Gratkorn, auch Hamlet Fiorilli hatten wir schon mal zu Gast und Percussion-Urgestein Ismael [&hellip;]<\/p>\n","protected":false},"author":1,"featured_media":0,"comment_status":"closed","ping_status":"closed","sticky":false,"template":"","format":"standard","meta":{"ngg_post_thumbnail":0,"footnotes":""},"categories":[1],"tags":[],"class_list":["post-1412","post","type-post","status-publish","format-standard","hentry","category-allgemein"],"_links":{"self":[{"href":"https:\/\/www.k3-verein.at\/index.php?rest_route=\/wp\/v2\/posts\/1412","targetHints":{"allow":["GET"]}}],"collection":[{"href":"https:\/\/www.k3-verein.at\/index.php?rest_route=\/wp\/v2\/posts"}],"about":[{"href":"https:\/\/www.k3-verein.at\/index.php?rest_route=\/wp\/v2\/types\/post"}],"author":[{"embeddable":true,"href":"https:\/\/www.k3-verein.at\/index.php?rest_route=\/wp\/v2\/users\/1"}],"replies":[{"embeddable":true,"href":"https:\/\/www.k3-verein.at\/index.php?rest_route=%2Fwp%2Fv2%2Fcomments&post=1412"}],"version-history":[{"count":5,"href":"https:\/\/www.k3-verein.at\/index.php?rest_route=\/wp\/v2\/posts\/1412\/revisions"}],"predecessor-version":[{"id":1430,"href":"https:\/\/www.k3-verein.at\/index.php?rest_route=\/wp\/v2\/posts\/1412\/revisions\/1430"}],"wp:attachment":[{"href":"https:\/\/www.k3-verein.at\/index.php?rest_route=%2Fwp%2Fv2%2Fmedia&parent=1412"}],"wp:term":[{"taxonomy":"category","embeddable":true,"href":"https:\/\/www.k3-verein.at\/index.php?rest_route=%2Fwp%2Fv2%2Fcategories&post=1412"},{"taxonomy":"post_tag","embeddable":true,"href":"https:\/\/www.k3-verein.at\/index.php?rest_route=%2Fwp%2Fv2%2Ftags&post=1412"}],"curies":[{"name":"wp","href":"https:\/\/api.w.org\/{rel}","templated":true}]}}