{"id":1425,"date":"2024-11-16T07:36:23","date_gmt":"2024-11-16T06:36:23","guid":{"rendered":"https:\/\/www.k3-verein.at\/?p=1425"},"modified":"2024-12-04T09:17:03","modified_gmt":"2024-12-04T08:17:03","slug":"k3-weihnachtskonzert-2024","status":"publish","type":"post","link":"https:\/\/www.k3-verein.at\/?p=1425","title":{"rendered":"K3 Weihnachtskonzert 2024"},"content":{"rendered":"\n<p><strong>Fr\u00f6hlich klingende Weihnacht<\/strong><\/p>\n\n\n\n<p><strong>Wenn der\nGratwein-Stra\u00dfengler Kulturverein zu einem Weihnachtskonzert einl\u00e4dt, wird es\netwas nicht Allt\u00e4gliches sein \u2013 vor allem dann, wenn sich das Team\nausnahmsweise dem Genre der Volksmusik widmet.<\/strong><\/p>\n\n\n\n<p><strong>WEIHNACHTEN DAHOAM am 12.12.2024<\/strong><\/p>\n\n\n\n<p><strong>Ziemlich voll wird es auf der B\u00fchne der Stra\u00dfengler Halle beim gro\u00dfen Weihnachtskonzert des Kulturvereins. Hier trifft das Duo \u201eZalar &amp; List\u201c samt Begleitmusikern auf die weststeirische Band \u201eLigist 3\u201c, moderiert wird der Abend von Clara Ploder (Servus TV, Radio Gr\u00fcn-Wei\u00df).<\/strong><\/p>\n\n\n\n<p class=\"has-background has-vivid-red-background-color\"><strong>KURZFRISTIGE KARTENRESERVIERUNGEN BITTE DIREKT TELEFONISCH UNTER 0664 41 70 149 oder per E-Mail an info@k3-verein.at!<\/strong><\/p>\n\n\n\n<p>Mit dem Ziel, ein abwechslungsreiches, besinnliches, lustiges und vor Allem stimmungsvolles Programm f\u00fcr jede Altersgruppe zu gestalten haben sich die weststeirischen Bands <strong>\u201eLigist 3\u201c<\/strong>, <strong>\u201eZalar &amp; List\u201c\u201c <\/strong>zu einem Weihnachtsensemble zusammengeschlossen. Moderiert wird der Abend von <strong>Clara Ploder<\/strong> \/ Servus TV.<\/p>\n\n\n\n<p>Mit dem Ziel, ein abwechslungsreiches, besinnliches, lustiges und vor Allem stimmungsvolles Programm f\u00fcr jede Altersgruppe zu gestalten, haben sich die weststeirischen Bands <strong>\u201eLigist 3\u201c<\/strong>, <strong>\u201eZalar &amp; List\u201c\u201c <\/strong>zu einem Weihnachtsensemble zusammengeschlossen.<\/p>\n\n\n\n<figure class=\"wp-block-image\"><img loading=\"lazy\" decoding=\"async\" width=\"989\" height=\"1024\" src=\"https:\/\/www.k3-verein.at\/wp-content\/uploads\/ZL-Outdoor-2-1-989x1024.jpg\" alt=\"\" class=\"wp-image-1427\" srcset=\"https:\/\/www.k3-verein.at\/wp-content\/uploads\/ZL-Outdoor-2-1-989x1024.jpg 989w, https:\/\/www.k3-verein.at\/wp-content\/uploads\/ZL-Outdoor-2-1-290x300.jpg 290w, https:\/\/www.k3-verein.at\/wp-content\/uploads\/ZL-Outdoor-2-1-768x795.jpg 768w, https:\/\/www.k3-verein.at\/wp-content\/uploads\/ZL-Outdoor-2-1-624x646.jpg 624w, https:\/\/www.k3-verein.at\/wp-content\/uploads\/ZL-Outdoor-2-1.jpg 1169w\" sizes=\"auto, (max-width: 989px) 100vw, 989px\" \/><figcaption>Zalar &amp; List<\/figcaption><\/figure>\n\n\n\n<figure class=\"wp-block-image\"><img loading=\"lazy\" decoding=\"async\" width=\"1024\" height=\"683\" src=\"https:\/\/www.k3-verein.at\/wp-content\/uploads\/Ligist3-Band-01-1024x683.png\" alt=\"\" class=\"wp-image-1428\" srcset=\"https:\/\/www.k3-verein.at\/wp-content\/uploads\/Ligist3-Band-01-1024x683.png 1024w, https:\/\/www.k3-verein.at\/wp-content\/uploads\/Ligist3-Band-01-300x200.png 300w, https:\/\/www.k3-verein.at\/wp-content\/uploads\/Ligist3-Band-01-768x512.png 768w, https:\/\/www.k3-verein.at\/wp-content\/uploads\/Ligist3-Band-01-624x416.png 624w\" sizes=\"auto, (max-width: 1024px) 100vw, 1024px\" \/><figcaption>Ligist 3<\/figcaption><\/figure>\n\n\n\n<figure class=\"wp-block-image\"><img loading=\"lazy\" decoding=\"async\" width=\"683\" height=\"1024\" src=\"https:\/\/www.k3-verein.at\/wp-content\/uploads\/ABC_0318-683x1024.jpg\" alt=\"\" class=\"wp-image-1426\" srcset=\"https:\/\/www.k3-verein.at\/wp-content\/uploads\/ABC_0318-683x1024.jpg 683w, https:\/\/www.k3-verein.at\/wp-content\/uploads\/ABC_0318-200x300.jpg 200w, https:\/\/www.k3-verein.at\/wp-content\/uploads\/ABC_0318-768x1152.jpg 768w, https:\/\/www.k3-verein.at\/wp-content\/uploads\/ABC_0318-624x936.jpg 624w\" sizes=\"auto, (max-width: 683px) 100vw, 683px\" \/><figcaption>ation<\/figcaption><\/figure>\n\n\n\n<p>So unterschiedlich die Musikstile der Bands, so vielf\u00e4ltig das Konzertprogramm. W\u00e4hrend \u201eLigist 3\u201c (<strong>David Traum\u00fcller, Marcus Zettl, Kevin Reiter<\/strong>) mit traditionellen, fast vergessenen Weihnachtsliedern Emotionen schafft, trumpfen <strong>Anja Zalar<\/strong> und <strong>Tamara List<\/strong> mit ihrer Dialekt Rock-Pop-Folk Band auf. Von Eigenkompositionen bis hin zu Evergreens bringen sie jedes Publikum zum swingen. Neben den bandeigenen Soloprogrammen bringen gemeinsam arrangierte Songs sowie stimmungsvolle Geschichten und Gedichte ein unverwechselbares Highlight ins Konzertprogramm. Freuen Sie sich auf abwechslungsreiches, stimmungsvolles <strong>WEIHNACHTEN DAHOAM!<\/strong><\/p>\n\n\n\n<p>K3 Weihnachtskonzert \u201eWeihnachten dahoam\u201c<br> 12. Dezember 2024, 19.30<br> Stra\u00dfengler Halle, Hauptplatz 1, 8111 Gratwein-Stra\u00dfengel<br> Ticketpreis: 25,- Euro<br> Reservierungen: <a href=\"mailto:info@k3-vrein.at\">info@k3-verein.at<\/a> oder telefonisch unter 0664 4170149<\/p>\n","protected":false},"excerpt":{"rendered":"<p>Fr\u00f6hlich klingende Weihnacht Wenn der Gratwein-Stra\u00dfengler Kulturverein zu einem Weihnachtskonzert einl\u00e4dt, wird es etwas nicht Allt\u00e4gliches sein \u2013 vor allem dann, wenn sich das Team ausnahmsweise dem Genre der Volksmusik widmet. WEIHNACHTEN DAHOAM am 12.12.2024 Ziemlich voll wird es auf der B\u00fchne der Stra\u00dfengler Halle beim gro\u00dfen Weihnachtskonzert des Kulturvereins. Hier trifft das Duo \u201eZalar [&hellip;]<\/p>\n","protected":false},"author":1,"featured_media":0,"comment_status":"closed","ping_status":"closed","sticky":false,"template":"","format":"standard","meta":{"ngg_post_thumbnail":0,"footnotes":""},"categories":[1],"tags":[],"class_list":["post-1425","post","type-post","status-publish","format-standard","hentry","category-allgemein"],"_links":{"self":[{"href":"https:\/\/www.k3-verein.at\/index.php?rest_route=\/wp\/v2\/posts\/1425","targetHints":{"allow":["GET"]}}],"collection":[{"href":"https:\/\/www.k3-verein.at\/index.php?rest_route=\/wp\/v2\/posts"}],"about":[{"href":"https:\/\/www.k3-verein.at\/index.php?rest_route=\/wp\/v2\/types\/post"}],"author":[{"embeddable":true,"href":"https:\/\/www.k3-verein.at\/index.php?rest_route=\/wp\/v2\/users\/1"}],"replies":[{"embeddable":true,"href":"https:\/\/www.k3-verein.at\/index.php?rest_route=%2Fwp%2Fv2%2Fcomments&post=1425"}],"version-history":[{"count":3,"href":"https:\/\/www.k3-verein.at\/index.php?rest_route=\/wp\/v2\/posts\/1425\/revisions"}],"predecessor-version":[{"id":1439,"href":"https:\/\/www.k3-verein.at\/index.php?rest_route=\/wp\/v2\/posts\/1425\/revisions\/1439"}],"wp:attachment":[{"href":"https:\/\/www.k3-verein.at\/index.php?rest_route=%2Fwp%2Fv2%2Fmedia&parent=1425"}],"wp:term":[{"taxonomy":"category","embeddable":true,"href":"https:\/\/www.k3-verein.at\/index.php?rest_route=%2Fwp%2Fv2%2Fcategories&post=1425"},{"taxonomy":"post_tag","embeddable":true,"href":"https:\/\/www.k3-verein.at\/index.php?rest_route=%2Fwp%2Fv2%2Ftags&post=1425"}],"curies":[{"name":"wp","href":"https:\/\/api.w.org\/{rel}","templated":true}]}}