{"id":1482,"date":"2026-07-17T08:28:13","date_gmt":"2026-07-17T06:28:13","guid":{"rendered":"https:\/\/www.k3-verein.at\/?p=1482"},"modified":"2026-08-19T10:48:39","modified_gmt":"2026-08-19T08:48:39","slug":"strassengler-hberstklaenge-2026","status":"publish","type":"post","link":"https:\/\/www.k3-verein.at\/?p=1482","title":{"rendered":"Das letzte Konzert: Stra\u00dfengler Herbstklang  2026"},"content":{"rendered":"\n<p>Nach 18 Jahren K3, \u00fcber 50 Konzerten und ungez\u00e4hlten Lesungen ist es nun unsere letzte und sch\u00f6nste Aufgabe, das steirische Landesbudget zu retten. Denn statt 5000 Euro in den letzten Jahren gesteht uns die Kulturabteilung nur noch 1000 Euro F\u00f6rderung zu und damit sind 3 Herbstkl\u00e4nge-Konzerte schlicht nicht finanzierbar und f\u00fcr 2027 ist eher eine Verschlimmerung des Kulturbudgets zu erwarten. Es ist traurig, dass das Land Steiermark \u00fcber Jahrzehnte mithalf, eine breite, lebendige Kulturszene aufzubauen &#8211; gipfelnd in der &#8222;Kulturstrategie 2030&#8220; unter der Verantwortung von LH Christoph Drexler, die eher eine einfachere und effizientere F\u00f6rderstruktur versprach &#8211; die von der FP\u00d6\/\u00d6VP Regierung korzerhand gekippt und ins Gegenteil verwandelt wurde. Wir sind gespannt, wie sich die wirtschaftliche Lage der K\u00fcnstler*innen und dem technischen Anhang entwickeln wird, wenn man ihnen den Boden der Auftritte bei vielen kleinen Initiativen und Veranstaltern entzieht. <\/p>\n\n\n\n<p>Was f\u00fcr heuer bleibt, ist ein letzter Herbstklang, dargeboten vom <strong>Trio Emocionante der K\u00e4rntner Top-Gitarristin Julia Malschnig<\/strong>. Das Programm spannt einen Bogen von Manuel de Falla, George Bizet, Astor Piazzolla\u00a0bis zu\u00a0Eigenkompositionen.<\/p>\n\n\n\n<p><strong>12. November 2026, 19 Uhr, Stra\u00dfengler Halle, Kartenpreis 15 Euro<\/strong><\/p>\n\n\n\n<p>Der Musik entsprechend werden wir eine kleine, spanische kulinarische Begleitung vorbereiten.<\/p>\n\n\n\n<p><\/p>\n\n\n\n<figure class=\"wp-block-image size-large\"><a href=\"https:\/\/www.k3-verein.at\/wp-content\/uploads\/Julia-Malischnig-Cecilio-Perera-Marina-Razumovskaja-Kopie.jpg\"><img loading=\"lazy\" decoding=\"async\" width=\"1024\" height=\"684\" src=\"https:\/\/www.k3-verein.at\/wp-content\/uploads\/Julia-Malischnig-Cecilio-Perera-Marina-Razumovskaja-Kopie-1024x684.jpg\" alt=\"\" class=\"wp-image-1490\" srcset=\"https:\/\/www.k3-verein.at\/wp-content\/uploads\/Julia-Malischnig-Cecilio-Perera-Marina-Razumovskaja-Kopie-1024x684.jpg 1024w, https:\/\/www.k3-verein.at\/wp-content\/uploads\/Julia-Malischnig-Cecilio-Perera-Marina-Razumovskaja-Kopie-300x200.jpg 300w, https:\/\/www.k3-verein.at\/wp-content\/uploads\/Julia-Malischnig-Cecilio-Perera-Marina-Razumovskaja-Kopie-768x513.jpg 768w, https:\/\/www.k3-verein.at\/wp-content\/uploads\/Julia-Malischnig-Cecilio-Perera-Marina-Razumovskaja-Kopie-1536x1027.jpg 1536w, https:\/\/www.k3-verein.at\/wp-content\/uploads\/Julia-Malischnig-Cecilio-Perera-Marina-Razumovskaja-Kopie-624x417.jpg 624w, https:\/\/www.k3-verein.at\/wp-content\/uploads\/Julia-Malischnig-Cecilio-Perera-Marina-Razumovskaja-Kopie.jpg 1616w\" sizes=\"auto, (max-width: 1024px) 100vw, 1024px\" \/><\/a><figcaption class=\"wp-element-caption\">Julia Malischnig, Cecilio Perera, Marina Razumovskaja<\/figcaption><\/figure>\n\n\n\n<p><\/p>\n\n\n\n<p>Kartenreservierungen: per Mail an info@k3-verein.at oder Whatsapp an 0664 4170149<\/p>\n\n\n\n<p>Kartenverkauf: Ab Oktober im Gesundheitszentrum Gratwein-Stra\u00dfengel, Standort Judendorf<\/p>\n\n\n\n<p><\/p>\n","protected":false},"excerpt":{"rendered":"<p>Nach 18 Jahren K3, \u00fcber 50 Konzerten und ungez\u00e4hlten Lesungen ist es nun unsere letzte und sch\u00f6nste Aufgabe, das steirische Landesbudget zu retten. Denn statt 5000 Euro in den letzten Jahren gesteht uns die Kulturabteilung nur noch 1000 Euro F\u00f6rderung zu und damit sind 3 Herbstkl\u00e4nge-Konzerte schlicht nicht finanzierbar und f\u00fcr 2027 ist eher eine [&hellip;]<\/p>\n","protected":false},"author":1,"featured_media":0,"comment_status":"closed","ping_status":"closed","sticky":false,"template":"","format":"standard","meta":{"ngg_post_thumbnail":0,"footnotes":""},"categories":[1],"tags":[],"class_list":["post-1482","post","type-post","status-publish","format-standard","hentry","category-allgemein"],"_links":{"self":[{"href":"https:\/\/www.k3-verein.at\/index.php?rest_route=\/wp\/v2\/posts\/1482","targetHints":{"allow":["GET"]}}],"collection":[{"href":"https:\/\/www.k3-verein.at\/index.php?rest_route=\/wp\/v2\/posts"}],"about":[{"href":"https:\/\/www.k3-verein.at\/index.php?rest_route=\/wp\/v2\/types\/post"}],"author":[{"embeddable":true,"href":"https:\/\/www.k3-verein.at\/index.php?rest_route=\/wp\/v2\/users\/1"}],"replies":[{"embeddable":true,"href":"https:\/\/www.k3-verein.at\/index.php?rest_route=%2Fwp%2Fv2%2Fcomments&post=1482"}],"version-history":[{"count":4,"href":"https:\/\/www.k3-verein.at\/index.php?rest_route=\/wp\/v2\/posts\/1482\/revisions"}],"predecessor-version":[{"id":1491,"href":"https:\/\/www.k3-verein.at\/index.php?rest_route=\/wp\/v2\/posts\/1482\/revisions\/1491"}],"wp:attachment":[{"href":"https:\/\/www.k3-verein.at\/index.php?rest_route=%2Fwp%2Fv2%2Fmedia&parent=1482"}],"wp:term":[{"taxonomy":"category","embeddable":true,"href":"https:\/\/www.k3-verein.at\/index.php?rest_route=%2Fwp%2Fv2%2Fcategories&post=1482"},{"taxonomy":"post_tag","embeddable":true,"href":"https:\/\/www.k3-verein.at\/index.php?rest_route=%2Fwp%2Fv2%2Ftags&post=1482"}],"curies":[{"name":"wp","href":"https:\/\/api.w.org\/{rel}","templated":true}]}}